{"id":3807,"date":"2026-01-22T13:35:29","date_gmt":"2026-01-22T13:35:29","guid":{"rendered":"https:\/\/tourbih.ba\/?p=3807"},"modified":"2026-03-01T09:07:11","modified_gmt":"2026-03-01T09:07:11","slug":"bosna-i-hercegovina-postaje-svjetska-biciklisticka-pozornica","status":"publish","type":"post","link":"https:\/\/tourbih.ba\/en\/bosna-i-hercegovina-postaje-svjetska-biciklisticka-pozornica\/","title":{"rendered":"Bosna i Hercegovina postaje svjetska biciklisti\u010dka pozornica"},"content":{"rendered":"<p class=\"has-text-align-center\"><strong>U Mostaru potpisan Memorandum o suradnji za \u201eTour of Bosnia and Herzegovina\u201c<\/strong><\/p>\n\n\n\n<p><strong>MOSTAR, 21. sije\u010dnja 2026.<\/strong> \u2013 Hotel Mostar danas je bio sredi\u0161te sportskih i diplomatskih zbivanja u Bosni i Hercegovini. Na sve\u010danoj konferenciji za medije, koja je okupila premijere, gradona\u010delnike, vode\u0107e gospodarstvenike i predstavnike sportskih institucija, potpisan je Memorandum o suradnji na projektu prve me\u0111unarodne biciklisti\u010dke utrke <strong>\u201eTour of Bosnia and Herzegovina 2026\u201c<\/strong>.<\/p>\n\n\n\n<p>Ovaj strate\u0161ki va\u017ean projekt, uvr\u0161ten u slu\u017ebeni kalendar Me\u0111unarodne biciklisti\u010dke unije (UCI), predstavlja prekretnicu za doma\u0107i sport i turizam, ujedinjuju\u0107i lokalne zajednice od Sarajeva do Neuma u zajedni\u010dkoj misiji promocije potencijala Bosne i Hercegovine.<\/p>\n\n\n\n<div class=\"wp-block-columns is-layout-flex wp-container-core-columns-is-layout-9d6595d7 wp-block-columns-is-layout-flex\">\n<div class=\"wp-block-column is-layout-flow wp-block-column-is-layout-flow\">\n<figure class=\"wp-block-image size-large\"><img loading=\"lazy\" decoding=\"async\" width=\"1024\" height=\"683\" src=\"https:\/\/tourbih.ba\/wp-content\/uploads\/2026\/01\/Tour-of-BiH-slika-3-1024x683.jpg\" alt=\"\" class=\"wp-image-3810\" srcset=\"https:\/\/tourbih.ba\/wp-content\/uploads\/2026\/01\/Tour-of-BiH-slika-3-1024x683.jpg 1024w, https:\/\/tourbih.ba\/wp-content\/uploads\/2026\/01\/Tour-of-BiH-slika-3-300x200.jpg 300w, https:\/\/tourbih.ba\/wp-content\/uploads\/2026\/01\/Tour-of-BiH-slika-3-768x512.jpg 768w, https:\/\/tourbih.ba\/wp-content\/uploads\/2026\/01\/Tour-of-BiH-slika-3-18x12.jpg 18w, https:\/\/tourbih.ba\/wp-content\/uploads\/2026\/01\/Tour-of-BiH-slika-3.jpg 1200w\" sizes=\"auto, (max-width: 1024px) 100vw, 1024px\" \/><\/figure>\n<\/div>\n\n\n\n<div class=\"wp-block-column is-layout-flow wp-block-column-is-layout-flow\">\n<figure class=\"wp-block-image size-large\"><img loading=\"lazy\" decoding=\"async\" width=\"1024\" height=\"683\" src=\"https:\/\/tourbih.ba\/wp-content\/uploads\/2026\/01\/Tour-of-BiH-slika-5-1-1024x683.jpg\" alt=\"\" class=\"wp-image-3812\" srcset=\"https:\/\/tourbih.ba\/wp-content\/uploads\/2026\/01\/Tour-of-BiH-slika-5-1-1024x683.jpg 1024w, https:\/\/tourbih.ba\/wp-content\/uploads\/2026\/01\/Tour-of-BiH-slika-5-1-300x200.jpg 300w, https:\/\/tourbih.ba\/wp-content\/uploads\/2026\/01\/Tour-of-BiH-slika-5-1-768x512.jpg 768w, https:\/\/tourbih.ba\/wp-content\/uploads\/2026\/01\/Tour-of-BiH-slika-5-1-18x12.jpg 18w, https:\/\/tourbih.ba\/wp-content\/uploads\/2026\/01\/Tour-of-BiH-slika-5-1.jpg 1200w\" sizes=\"auto, (max-width: 1024px) 100vw, 1024px\" \/><\/figure>\n<\/div>\n<\/div>\n\n\n\n<p><strong><em>\u201ePi\u0161emo prve stranice povijesti\u201c<\/em><\/strong> Direktor utrke, <strong>Toni Zori\u0107<\/strong>, izrazio je duboku zahvalnost partnerima koji su prepoznali viziju projekta koji zemlju postavlja na kartu vrhunskog svjetskog biciklizma.<\/p>\n\n\n\n<p><em>\u201e\u010cast mi je \u0161to \u0107emo zajedni\u010dkim snagama ispisati prve stranice povijesti ovog doga\u0111aja. Bosna i Hercegovina je zemlja nevjerojatnih kontrasta, bogate povijesti i netaknute prirode, a mi smo pripremili pozornicu dostojnu najboljih svjetskih voza\u010da koji nam dolaze iz \u010dak 38 zemalja sa svih pet kontinenata svijeta\u201c<\/em>, istaknuo je Zori\u0107.<\/p>\n\n\n\n<p>Naglasio je kako ruta duga tri dana spaja simboliku i sportski izazov: <em>\u201eKrenuv\u0161i iz Sarajeva, na\u0161eg glavnog grada i simbola susreta kultura, natjecati \u0107emo se sve do bisera na jadranskoj obali, grada Neuma. Na\u0161 cilj nije samo organizirati sportski i turisti\u010dki doga\u0111aj, ve\u0107 stvoriti trajno partnerstvo i tradiciju koja \u0107e promovirati zdrav \u017eivot, sportski duh i prirodna bogatstva na\u0161e zemlje cijelome svijetu.\u201c<\/em><\/p>\n\n\n\n<div class=\"wp-block-columns is-layout-flex wp-container-core-columns-is-layout-9d6595d7 wp-block-columns-is-layout-flex\">\n<div class=\"wp-block-column is-layout-flow wp-block-column-is-layout-flow\">\n<figure class=\"wp-block-image size-large\"><img loading=\"lazy\" decoding=\"async\" width=\"1024\" height=\"683\" src=\"https:\/\/tourbih.ba\/wp-content\/uploads\/2026\/01\/Tour-of-BiH-slika-1-1-1024x683.jpg\" alt=\"\" class=\"wp-image-3808\" srcset=\"https:\/\/tourbih.ba\/wp-content\/uploads\/2026\/01\/Tour-of-BiH-slika-1-1-1024x683.jpg 1024w, https:\/\/tourbih.ba\/wp-content\/uploads\/2026\/01\/Tour-of-BiH-slika-1-1-300x200.jpg 300w, https:\/\/tourbih.ba\/wp-content\/uploads\/2026\/01\/Tour-of-BiH-slika-1-1-768x512.jpg 768w, https:\/\/tourbih.ba\/wp-content\/uploads\/2026\/01\/Tour-of-BiH-slika-1-1-18x12.jpg 18w, https:\/\/tourbih.ba\/wp-content\/uploads\/2026\/01\/Tour-of-BiH-slika-1-1.jpg 1200w\" sizes=\"auto, (max-width: 1024px) 100vw, 1024px\" \/><\/figure>\n<\/div>\n\n\n\n<div class=\"wp-block-column is-layout-flow wp-block-column-is-layout-flow\">\n<figure class=\"wp-block-image size-large\"><img loading=\"lazy\" decoding=\"async\" width=\"1024\" height=\"683\" src=\"https:\/\/tourbih.ba\/wp-content\/uploads\/2026\/01\/Tour-of-BiH-slika-4-1-1024x683.jpg\" alt=\"\" class=\"wp-image-3811\" srcset=\"https:\/\/tourbih.ba\/wp-content\/uploads\/2026\/01\/Tour-of-BiH-slika-4-1-1024x683.jpg 1024w, https:\/\/tourbih.ba\/wp-content\/uploads\/2026\/01\/Tour-of-BiH-slika-4-1-300x200.jpg 300w, https:\/\/tourbih.ba\/wp-content\/uploads\/2026\/01\/Tour-of-BiH-slika-4-1-768x512.jpg 768w, https:\/\/tourbih.ba\/wp-content\/uploads\/2026\/01\/Tour-of-BiH-slika-4-1-18x12.jpg 18w, https:\/\/tourbih.ba\/wp-content\/uploads\/2026\/01\/Tour-of-BiH-slika-4-1.jpg 1200w\" sizes=\"auto, (max-width: 1024px) 100vw, 1024px\" \/><\/figure>\n<\/div>\n<\/div>\n\n\n\n<p><strong>Strate\u0161ka potpora Olimpijskog komiteta i struke<\/strong> Kao specijalni partner utrke, konferenciji je nazo\u010dio i predsjednik Olimpijskog komiteta BiH, <strong>Izet Ra\u0111o<\/strong>, \u010dija institucija pru\u017ea punu potporu razvoju ovog projekta kao klju\u010dnog za ja\u010danje sportskog identiteta dr\u017eave. Svoj osvrt na sportski segment, kvalitetu timova i zahtjevnost rute dao je i sportski direktor utrke, <strong>Amar Njem\u010devi\u0107<\/strong>, potvrdiv\u0161i kako je interes svjetskih timova prema\u0161io sva o\u010dekivanja.<br><br>\u201c<em>Za BiH ova utrka ima i dublje zna\u010denje &#8211; ona otvara prostor mladima da sanjaju, sportistima da se afirmi\u0161u na doma\u0107em terenu, a lokalnim zajednicima da budu dio jedne potitivne, povezane i prepoznatljive pri\u010de. BiH sa svojom jedinstvenom energijom susreta razli\u010ditih kultura, prirodan je doma\u0107in i sna\u017ena poruka onoga \u0161to ova utrka \u017eeli biti<\/em>.\u201d &#8211; istaknuo je <strong>Izet Ra\u0111o<\/strong>, predjednik Olimpijskog komiteta BiH.<br><br>\u201c<em>Lejla i ja smo imali priliku putovati po \u010ditavom svijetu, takmi\u010diti se i nastupati na najve\u0107im utrkama i tom prilikom smo \u010desto imali priliku gledati svjetske tuorove i budemo tu kao gledaoci. Iako smo bili uzbu\u0111eni uvijek je u nama bio taj jedan osje\u0107aj \u017eala \u0161to nemamo takav jedan doga\u0111aj u BiH. Na na\u0161u veliku sre\u0107u i radost taj trenutak je upravo do\u0161ao i jedva \u010dekamo april 2026.<\/em>\u201d &#8211; istaknuo je <strong>Amar Njem\u010devi\u0107<\/strong>, sportski direktor Toura.<\/p>\n\n\n\n<p><strong>Zajedni\u0161tvo gradova i pokrovitelja<\/strong> Vrhunac konferencije bilo je potpisivanje Memoranduma o suradnji s predstavnicima \u017eupanija, gradova i op\u0107ina kroz koje utrka prolazi, kao i s klju\u010dnim sponzorima. Ovim \u010dinom potvr\u0111eno je kako \u201eTour of Bosnia and Herzegovina\u201c nije samo biciklisti\u010dka utrka, ve\u0107 platforma za ja\u010danje suradnje lokalnih zajednica i nacionalni projekt koji \u0107e sliku moderne, aktivne i gostoljubive Bosne i Hercegovine odaslati u svijet.<\/p>\n\n\n\n<p>Utrka starta 17. travnja 2026. godine u Sarajevu, a tijekom tri dana vrhunskog natjecanja karavana \u0107e pro\u0107i kroz Mostar i Ljubu\u0161ki, sve do finalnog cilja u Neumu 19. travnja.<\/p>\n\n\n\n<p>Za vi\u0161e informacija o etapama, timovima i satnici posjetite slu\u017ebenu stranicu: <a href=\"https:\/\/tourbih.ba\/en\/\"><strong>www.tourbih.ba<\/strong><\/a><\/p>","protected":false},"excerpt":{"rendered":"<p>U Mostaru potpisan Memorandum o suradnji za \u201eTour of Bosnia and Herzegovina\u201c MOSTAR, 21. sije\u010dnja 2026. \u2013 Hotel Mostar danas je bio sredi\u0161te sportskih i diplomatskih zbivanja u Bosni i Hercegovini. Na sve\u010danoj konferenciji za medije, koja je okupila premijere, gradona\u010delnike, vode\u0107e gospodarstvenike i predstavnike sportskih institucija, potpisan je Memorandum o suradnji na projektu prve [&hellip;]<\/p>\n","protected":false},"author":2,"featured_media":3809,"comment_status":"closed","ping_status":"closed","sticky":false,"template":"","format":"standard","meta":{"footnotes":""},"categories":[57],"tags":[65,63,62,67,66,61,64,60,68,69],"class_list":["post-3807","post","type-post","status-publish","format-standard","has-post-thumbnail","hentry","category-clanak","tag-biciklizam","tag-bosna-i-hercegvoina","tag-kraljevska-etapa","tag-medunarodna-biciklisticka-utrka-tour-bih","tag-toni-zoric","tag-tour-bih","tag-tour-of-bosnia-and-herzegovina","tag-tourbih","tag-uci","tag-uci-kalendar"],"yoast_head":"<!-- This site is optimized with the Yoast SEO Premium plugin v26.7 (Yoast SEO v27.5) - https:\/\/yoast.com\/product\/yoast-seo-premium-wordpress\/ -->\n<title>Bosna i Hercegovina postaje svjetska biciklisti\u010dka pozornica - Tour BiH<\/title>\n<meta name=\"description\" content=\"Hotel Mostar danas je bio sredi\u0161te sportskih i diplomatskih zbivanja u Bosni i Hercegovini. Na sve\u010danoj konferenciji za medije...\" \/>\n<meta name=\"robots\" content=\"index, follow, max-snippet:-1, max-image-preview:large, max-video-preview:-1\" \/>\n<link rel=\"canonical\" href=\"https:\/\/tourbih.ba\/en\/bosna-i-hercegovina-postaje-svjetska-biciklisticka-pozornica\/\" \/>\n<meta property=\"og:locale\" content=\"en_US\" \/>\n<meta property=\"og:type\" content=\"article\" \/>\n<meta property=\"og:title\" content=\"Bosna i Hercegovina postaje svjetska biciklisti\u010dka pozornica\" \/>\n<meta property=\"og:description\" content=\"Hotel Mostar danas je bio sredi\u0161te sportskih i diplomatskih zbivanja u Bosni i Hercegovini. Na sve\u010danoj konferenciji za medije...\" \/>\n<meta property=\"og:url\" content=\"https:\/\/tourbih.ba\/en\/bosna-i-hercegovina-postaje-svjetska-biciklisticka-pozornica\/\" \/>\n<meta property=\"og:site_name\" content=\"Tour BiH\" \/>\n<meta property=\"article:published_time\" content=\"2026-01-22T13:35:29+00:00\" \/>\n<meta property=\"article:modified_time\" content=\"2026-03-01T09:07:11+00:00\" \/>\n<meta property=\"og:image\" content=\"https:\/\/tourbih.ba\/wp-content\/uploads\/2026\/01\/Tour-of-BiH-slika-2-1.jpg\" \/>\n\t<meta property=\"og:image:width\" content=\"1200\" \/>\n\t<meta property=\"og:image:height\" content=\"800\" \/>\n\t<meta property=\"og:image:type\" content=\"image\/jpeg\" \/>\n<meta name=\"author\" content=\"Toni Zori\u0107\" \/>\n<meta name=\"twitter:card\" content=\"summary_large_image\" \/>\n<meta name=\"twitter:label1\" content=\"Written by\" \/>\n\t<meta name=\"twitter:data1\" content=\"Toni Zori\u0107\" \/>\n\t<meta name=\"twitter:label2\" content=\"Est. reading time\" \/>\n\t<meta name=\"twitter:data2\" content=\"4 minutes\" \/>\n<script type=\"application\/ld+json\" class=\"yoast-schema-graph\">{\"@context\":\"https:\\\/\\\/schema.org\",\"@graph\":[{\"@type\":\"Article\",\"@id\":\"https:\\\/\\\/tourbih.ba\\\/bosna-i-hercegovina-postaje-svjetska-biciklisticka-pozornica\\\/#article\",\"isPartOf\":{\"@id\":\"https:\\\/\\\/tourbih.ba\\\/bosna-i-hercegovina-postaje-svjetska-biciklisticka-pozornica\\\/\"},\"author\":{\"name\":\"Toni Zori\u0107\",\"@id\":\"https:\\\/\\\/tourbih.ba\\\/#\\\/schema\\\/person\\\/3ce28fc85cd5bd49e722a414100cb01f\"},\"headline\":\"Bosna i Hercegovina postaje svjetska biciklisti\u010dka pozornica\",\"datePublished\":\"2026-01-22T13:35:29+00:00\",\"dateModified\":\"2026-03-01T09:07:11+00:00\",\"mainEntityOfPage\":{\"@id\":\"https:\\\/\\\/tourbih.ba\\\/bosna-i-hercegovina-postaje-svjetska-biciklisticka-pozornica\\\/\"},\"wordCount\":605,\"image\":{\"@id\":\"https:\\\/\\\/tourbih.ba\\\/bosna-i-hercegovina-postaje-svjetska-biciklisticka-pozornica\\\/#primaryimage\"},\"thumbnailUrl\":\"https:\\\/\\\/tourbih.ba\\\/wp-content\\\/uploads\\\/2026\\\/01\\\/Tour-of-BiH-slika-2-1.jpg\",\"keywords\":[\"biciklizam\",\"Bosna i Hercegvoina\",\"Kraljevska Etapa\",\"medunarodna biciklisticka utrka Tour BiH\",\"Toni Zoric\",\"Tour BiH\",\"Tour of Bosnia and Herzegovina\",\"tourbih\",\"uci\",\"uci kalendar\"],\"articleSection\":[\"\u010clanak\"],\"inLanguage\":\"en-US\"},{\"@type\":\"WebPage\",\"@id\":\"https:\\\/\\\/tourbih.ba\\\/bosna-i-hercegovina-postaje-svjetska-biciklisticka-pozornica\\\/\",\"url\":\"https:\\\/\\\/tourbih.ba\\\/bosna-i-hercegovina-postaje-svjetska-biciklisticka-pozornica\\\/\",\"name\":\"Bosna i Hercegovina postaje svjetska biciklisti\u010dka pozornica - Tour BiH\",\"isPartOf\":{\"@id\":\"https:\\\/\\\/tourbih.ba\\\/#website\"},\"primaryImageOfPage\":{\"@id\":\"https:\\\/\\\/tourbih.ba\\\/bosna-i-hercegovina-postaje-svjetska-biciklisticka-pozornica\\\/#primaryimage\"},\"image\":{\"@id\":\"https:\\\/\\\/tourbih.ba\\\/bosna-i-hercegovina-postaje-svjetska-biciklisticka-pozornica\\\/#primaryimage\"},\"thumbnailUrl\":\"https:\\\/\\\/tourbih.ba\\\/wp-content\\\/uploads\\\/2026\\\/01\\\/Tour-of-BiH-slika-2-1.jpg\",\"datePublished\":\"2026-01-22T13:35:29+00:00\",\"dateModified\":\"2026-03-01T09:07:11+00:00\",\"author\":{\"@id\":\"https:\\\/\\\/tourbih.ba\\\/#\\\/schema\\\/person\\\/3ce28fc85cd5bd49e722a414100cb01f\"},\"description\":\"Hotel Mostar danas je bio sredi\u0161te sportskih i diplomatskih zbivanja u Bosni i Hercegovini. Na sve\u010danoj konferenciji za medije...\",\"breadcrumb\":{\"@id\":\"https:\\\/\\\/tourbih.ba\\\/bosna-i-hercegovina-postaje-svjetska-biciklisticka-pozornica\\\/#breadcrumb\"},\"inLanguage\":\"en-US\",\"potentialAction\":[{\"@type\":\"ReadAction\",\"target\":[\"https:\\\/\\\/tourbih.ba\\\/bosna-i-hercegovina-postaje-svjetska-biciklisticka-pozornica\\\/\"]}]},{\"@type\":\"ImageObject\",\"inLanguage\":\"en-US\",\"@id\":\"https:\\\/\\\/tourbih.ba\\\/bosna-i-hercegovina-postaje-svjetska-biciklisticka-pozornica\\\/#primaryimage\",\"url\":\"https:\\\/\\\/tourbih.ba\\\/wp-content\\\/uploads\\\/2026\\\/01\\\/Tour-of-BiH-slika-2-1.jpg\",\"contentUrl\":\"https:\\\/\\\/tourbih.ba\\\/wp-content\\\/uploads\\\/2026\\\/01\\\/Tour-of-BiH-slika-2-1.jpg\",\"width\":1200,\"height\":800},{\"@type\":\"BreadcrumbList\",\"@id\":\"https:\\\/\\\/tourbih.ba\\\/bosna-i-hercegovina-postaje-svjetska-biciklisticka-pozornica\\\/#breadcrumb\",\"itemListElement\":[{\"@type\":\"ListItem\",\"position\":1,\"name\":\"Home\",\"item\":\"https:\\\/\\\/tourbih.ba\\\/\"},{\"@type\":\"ListItem\",\"position\":2,\"name\":\"Bosna i Hercegovina postaje svjetska biciklisti\u010dka pozornica\"}]},{\"@type\":\"WebSite\",\"@id\":\"https:\\\/\\\/tourbih.ba\\\/#website\",\"url\":\"https:\\\/\\\/tourbih.ba\\\/\",\"name\":\"Tour BiH\",\"description\":\"\",\"potentialAction\":[{\"@type\":\"SearchAction\",\"target\":{\"@type\":\"EntryPoint\",\"urlTemplate\":\"https:\\\/\\\/tourbih.ba\\\/?s={search_term_string}\"},\"query-input\":{\"@type\":\"PropertyValueSpecification\",\"valueRequired\":true,\"valueName\":\"search_term_string\"}}],\"inLanguage\":\"en-US\"},{\"@type\":\"Person\",\"@id\":\"https:\\\/\\\/tourbih.ba\\\/#\\\/schema\\\/person\\\/3ce28fc85cd5bd49e722a414100cb01f\",\"name\":\"Toni Zori\u0107\",\"image\":{\"@type\":\"ImageObject\",\"inLanguage\":\"en-US\",\"@id\":\"https:\\\/\\\/secure.gravatar.com\\\/avatar\\\/63d39a2095b152f5992ddf9dd07b4676b12ce7b3529f846141dc517f7f5b5253?s=96&d=mm&r=g\",\"url\":\"https:\\\/\\\/secure.gravatar.com\\\/avatar\\\/63d39a2095b152f5992ddf9dd07b4676b12ce7b3529f846141dc517f7f5b5253?s=96&d=mm&r=g\",\"contentUrl\":\"https:\\\/\\\/secure.gravatar.com\\\/avatar\\\/63d39a2095b152f5992ddf9dd07b4676b12ce7b3529f846141dc517f7f5b5253?s=96&d=mm&r=g\",\"caption\":\"Toni Zori\u0107\"},\"sameAs\":[\"http:\\\/\\\/https.\\\/\\\/tourbih.ba\"],\"url\":\"https:\\\/\\\/tourbih.ba\\\/en\\\/author\\\/toniz\\\/\"}]}<\/script>\n<!-- \/ Yoast SEO Premium plugin. -->","yoast_head_json":{"title":"Bosna i Hercegovina postaje svjetska biciklisti\u010dka pozornica - Tour BiH","description":"Hotel Mostar danas je bio sredi\u0161te sportskih i diplomatskih zbivanja u Bosni i Hercegovini. Na sve\u010danoj konferenciji za medije...","robots":{"index":"index","follow":"follow","max-snippet":"max-snippet:-1","max-image-preview":"max-image-preview:large","max-video-preview":"max-video-preview:-1"},"canonical":"https:\/\/tourbih.ba\/en\/bosna-i-hercegovina-postaje-svjetska-biciklisticka-pozornica\/","og_locale":"en_US","og_type":"article","og_title":"Bosna i Hercegovina postaje svjetska biciklisti\u010dka pozornica","og_description":"Hotel Mostar danas je bio sredi\u0161te sportskih i diplomatskih zbivanja u Bosni i Hercegovini. Na sve\u010danoj konferenciji za medije...","og_url":"https:\/\/tourbih.ba\/en\/bosna-i-hercegovina-postaje-svjetska-biciklisticka-pozornica\/","og_site_name":"Tour BiH","article_published_time":"2026-01-22T13:35:29+00:00","article_modified_time":"2026-03-01T09:07:11+00:00","og_image":[{"width":1200,"height":800,"url":"https:\/\/tourbih.ba\/wp-content\/uploads\/2026\/01\/Tour-of-BiH-slika-2-1.jpg","type":"image\/jpeg"}],"author":"Toni Zori\u0107","twitter_card":"summary_large_image","twitter_misc":{"Written by":"Toni Zori\u0107","Est. reading time":"4 minutes"},"schema":{"@context":"https:\/\/schema.org","@graph":[{"@type":"Article","@id":"https:\/\/tourbih.ba\/bosna-i-hercegovina-postaje-svjetska-biciklisticka-pozornica\/#article","isPartOf":{"@id":"https:\/\/tourbih.ba\/bosna-i-hercegovina-postaje-svjetska-biciklisticka-pozornica\/"},"author":{"name":"Toni Zori\u0107","@id":"https:\/\/tourbih.ba\/#\/schema\/person\/3ce28fc85cd5bd49e722a414100cb01f"},"headline":"Bosna i Hercegovina postaje svjetska biciklisti\u010dka pozornica","datePublished":"2026-01-22T13:35:29+00:00","dateModified":"2026-03-01T09:07:11+00:00","mainEntityOfPage":{"@id":"https:\/\/tourbih.ba\/bosna-i-hercegovina-postaje-svjetska-biciklisticka-pozornica\/"},"wordCount":605,"image":{"@id":"https:\/\/tourbih.ba\/bosna-i-hercegovina-postaje-svjetska-biciklisticka-pozornica\/#primaryimage"},"thumbnailUrl":"https:\/\/tourbih.ba\/wp-content\/uploads\/2026\/01\/Tour-of-BiH-slika-2-1.jpg","keywords":["biciklizam","Bosna i Hercegvoina","Kraljevska Etapa","medunarodna biciklisticka utrka Tour BiH","Toni Zoric","Tour BiH","Tour of Bosnia and Herzegovina","tourbih","uci","uci kalendar"],"articleSection":["\u010clanak"],"inLanguage":"en-US"},{"@type":"WebPage","@id":"https:\/\/tourbih.ba\/bosna-i-hercegovina-postaje-svjetska-biciklisticka-pozornica\/","url":"https:\/\/tourbih.ba\/bosna-i-hercegovina-postaje-svjetska-biciklisticka-pozornica\/","name":"Bosna i Hercegovina postaje svjetska biciklisti\u010dka pozornica - Tour BiH","isPartOf":{"@id":"https:\/\/tourbih.ba\/#website"},"primaryImageOfPage":{"@id":"https:\/\/tourbih.ba\/bosna-i-hercegovina-postaje-svjetska-biciklisticka-pozornica\/#primaryimage"},"image":{"@id":"https:\/\/tourbih.ba\/bosna-i-hercegovina-postaje-svjetska-biciklisticka-pozornica\/#primaryimage"},"thumbnailUrl":"https:\/\/tourbih.ba\/wp-content\/uploads\/2026\/01\/Tour-of-BiH-slika-2-1.jpg","datePublished":"2026-01-22T13:35:29+00:00","dateModified":"2026-03-01T09:07:11+00:00","author":{"@id":"https:\/\/tourbih.ba\/#\/schema\/person\/3ce28fc85cd5bd49e722a414100cb01f"},"description":"Hotel Mostar danas je bio sredi\u0161te sportskih i diplomatskih zbivanja u Bosni i Hercegovini. Na sve\u010danoj konferenciji za medije...","breadcrumb":{"@id":"https:\/\/tourbih.ba\/bosna-i-hercegovina-postaje-svjetska-biciklisticka-pozornica\/#breadcrumb"},"inLanguage":"en-US","potentialAction":[{"@type":"ReadAction","target":["https:\/\/tourbih.ba\/bosna-i-hercegovina-postaje-svjetska-biciklisticka-pozornica\/"]}]},{"@type":"ImageObject","inLanguage":"en-US","@id":"https:\/\/tourbih.ba\/bosna-i-hercegovina-postaje-svjetska-biciklisticka-pozornica\/#primaryimage","url":"https:\/\/tourbih.ba\/wp-content\/uploads\/2026\/01\/Tour-of-BiH-slika-2-1.jpg","contentUrl":"https:\/\/tourbih.ba\/wp-content\/uploads\/2026\/01\/Tour-of-BiH-slika-2-1.jpg","width":1200,"height":800},{"@type":"BreadcrumbList","@id":"https:\/\/tourbih.ba\/bosna-i-hercegovina-postaje-svjetska-biciklisticka-pozornica\/#breadcrumb","itemListElement":[{"@type":"ListItem","position":1,"name":"Home","item":"https:\/\/tourbih.ba\/"},{"@type":"ListItem","position":2,"name":"Bosna i Hercegovina postaje svjetska biciklisti\u010dka pozornica"}]},{"@type":"WebSite","@id":"https:\/\/tourbih.ba\/#website","url":"https:\/\/tourbih.ba\/","name":"Tour BiH","description":"","potentialAction":[{"@type":"SearchAction","target":{"@type":"EntryPoint","urlTemplate":"https:\/\/tourbih.ba\/?s={search_term_string}"},"query-input":{"@type":"PropertyValueSpecification","valueRequired":true,"valueName":"search_term_string"}}],"inLanguage":"en-US"},{"@type":"Person","@id":"https:\/\/tourbih.ba\/#\/schema\/person\/3ce28fc85cd5bd49e722a414100cb01f","name":"Toni Zori\u0107","image":{"@type":"ImageObject","inLanguage":"en-US","@id":"https:\/\/secure.gravatar.com\/avatar\/63d39a2095b152f5992ddf9dd07b4676b12ce7b3529f846141dc517f7f5b5253?s=96&d=mm&r=g","url":"https:\/\/secure.gravatar.com\/avatar\/63d39a2095b152f5992ddf9dd07b4676b12ce7b3529f846141dc517f7f5b5253?s=96&d=mm&r=g","contentUrl":"https:\/\/secure.gravatar.com\/avatar\/63d39a2095b152f5992ddf9dd07b4676b12ce7b3529f846141dc517f7f5b5253?s=96&d=mm&r=g","caption":"Toni Zori\u0107"},"sameAs":["http:\/\/https.\/\/tourbih.ba"],"url":"https:\/\/tourbih.ba\/en\/author\/toniz\/"}]}},"_links":{"self":[{"href":"https:\/\/tourbih.ba\/en\/wp-json\/wp\/v2\/posts\/3807","targetHints":{"allow":["GET"]}}],"collection":[{"href":"https:\/\/tourbih.ba\/en\/wp-json\/wp\/v2\/posts"}],"about":[{"href":"https:\/\/tourbih.ba\/en\/wp-json\/wp\/v2\/types\/post"}],"author":[{"embeddable":true,"href":"https:\/\/tourbih.ba\/en\/wp-json\/wp\/v2\/users\/2"}],"replies":[{"embeddable":true,"href":"https:\/\/tourbih.ba\/en\/wp-json\/wp\/v2\/comments?post=3807"}],"version-history":[{"count":5,"href":"https:\/\/tourbih.ba\/en\/wp-json\/wp\/v2\/posts\/3807\/revisions"}],"predecessor-version":[{"id":3913,"href":"https:\/\/tourbih.ba\/en\/wp-json\/wp\/v2\/posts\/3807\/revisions\/3913"}],"wp:featuredmedia":[{"embeddable":true,"href":"https:\/\/tourbih.ba\/en\/wp-json\/wp\/v2\/media\/3809"}],"wp:attachment":[{"href":"https:\/\/tourbih.ba\/en\/wp-json\/wp\/v2\/media?parent=3807"}],"wp:term":[{"taxonomy":"category","embeddable":true,"href":"https:\/\/tourbih.ba\/en\/wp-json\/wp\/v2\/categories?post=3807"},{"taxonomy":"post_tag","embeddable":true,"href":"https:\/\/tourbih.ba\/en\/wp-json\/wp\/v2\/tags?post=3807"}],"curies":[{"name":"wp","href":"https:\/\/api.w.org\/{rel}","templated":true}]}}