{"id":3277,"date":"2026-01-06T11:57:17","date_gmt":"2026-01-06T11:57:17","guid":{"rendered":"https:\/\/tourbih.ba\/?p=3277"},"modified":"2026-03-01T09:07:15","modified_gmt":"2026-03-01T09:07:15","slug":"organizatori-tour-of-bosnia-and-herzegovina-odrzali-sastanak-s-premijerom-kantona-sarajevo-nihadom-ukom","status":"publish","type":"post","link":"https:\/\/tourbih.ba\/en\/organizatori-tour-of-bosnia-and-herzegovina-odrzali-sastanak-s-premijerom-kantona-sarajevo-nihadom-ukom\/","title":{"rendered":"Organizatori \u201cTour of Bosnia and Herzegovina\u201d odr\u017eali sastanak s premijerom Kantona Sarajevo Nihadom Ukom"},"content":{"rendered":"<p>U Sarajevu je odr\u017ean radni sastanak organizacijskog tima me\u0111unarodne biciklisti\u010dke utrke Tour of Bosnia and Herzegovina s premijerom Kantona Sarajevo, gdinom Nihadom Ukom, na kojem je razgovarano o organizaciji prvog izdanja ovog presti\u017enog doga\u0111aja i o mogu\u0107nostima podr\u0161ke od strane Vlade Kantona Sarajevo.<\/p>\n\n\n\n<p>Sastanku su prisustvovali Toni Zori\u0107, direktor utrke i predsjednik Biciklisti\u010dkog saveza Bosne i Hercegovine, akademik prof. dr. Izet Ra\u0111o, predsjednik Olimpijskog komiteta Bosne i Hercegovine, te Igor Ba\u0161i\u0107, \u010dlan Organizacijskog odbora Tour of BiH. Organizatori su predstavili koncept utrke, startnu poziciju u Sarajevu, te klju\u010dne ciljeve koji se odnose na sport, turizam i me\u0111unarodnu promociju zemlje.<\/p>\n\n\n\n<p><strong>Sna\u017ena podr\u0161ka Vlade Kantona Sarajevo<\/strong><\/p>\n\n\n\n<p>Premijer Nihad Uk je izrazio veliko zadovoljstvo projektom te naglasio da Vlada Kantona Sarajevo prepoznaje va\u017enost ovakvog me\u0111unarodnog doga\u0111aja za promociju glavnog grada i Bosne i Hercegovine.<\/p>\n\n\n\n<p>Na sastanku se razgovaralo o tome da Sarajevo, kao glavni grad Bosne i Hercegovine, treba biti predstavljeno na reprezentativan na\u010din \u2014 kroz najvi\u0161u razinu organizacije i gostoprimstva.<\/p>\n\n\n\n<p><strong>Tour koji povezuje Bosnu i Hercegovinu<\/strong><\/p>\n\n\n\n<p>Organizatori su na sastanku predstavili planove utrke koja \u0107e startati iz Sarajeva u travnju 2026. godine, povezuju\u0107i tri etape od glavnog grada do Neuma, u ukupnoj du\u017eini od 450 kilometara. Poseban akcenat stavljen je na \u010dinjenicu da je utrka ve\u0107 izazvala golem interes \u2014 vi\u0161e od 63 tima iz vi\u0161e od 38 zemalja izrazilo je \u017eelju za sudjelovanjem.<\/p>\n\n\n\n<p>Predsjednik Olimpijskog komiteta BiH, prof. dr. Izet Ra\u0111o, naglasio je kako je rije\u010d o projektu koji donosi dugoro\u010dnu vrijednost, ne samo sportsku, nego i ekonomsku, turisti\u010dku i promotivnu. Tour od Bosnia and Herzegovina je doga\u0111aj koji \u0107e na\u0161u zemlju postaviti na kartu velikih svjetskih biciklisti\u010dkih natjecanja. Sarajevo \u0107e biti startna pozicija ove utrke.<\/p>\n\n\n\n<p>Sastanak je zavr\u0161en u pozitivnoj atmosferi i uz zajedni\u010dku viziju da Tour of Bosnia and Herzegovina postane jedan od najprepoznatljivijih sportskih doga\u0111aja u regiji.<\/p>\n\n\n\n<p>Organizacijski tim zahvalio je premijeru Uku na razumijevanju va\u017enosti projekta i na spremnosti da Kantonalna vlada bude aktivan partner u njegovoj realizaciji.<\/p>","protected":false},"excerpt":{"rendered":"<p>U Sarajevu je odr\u017ean radni sastanak organizacijskog tima me\u0111unarodne biciklisti\u010dke utrke Tour of Bosnia and Herzegovina s premijerom Kantona Sarajevo, gdinom Nihadom Ukom, na kojem je razgovarano o organizaciji prvog izdanja ovog presti\u017enog doga\u0111aja i o mogu\u0107nostima podr\u0161ke od strane Vlade Kantona Sarajevo. Sastanku su prisustvovali Toni Zori\u0107, direktor utrke i predsjednik Biciklisti\u010dkog saveza Bosne [&hellip;]<\/p>\n","protected":false},"author":2,"featured_media":3278,"comment_status":"closed","ping_status":"closed","sticky":false,"template":"","format":"standard","meta":{"footnotes":""},"categories":[57],"tags":[65,63,62,67,66,61,64,60,68,69],"class_list":["post-3277","post","type-post","status-publish","format-standard","has-post-thumbnail","hentry","category-clanak","tag-biciklizam","tag-bosna-i-hercegvoina","tag-kraljevska-etapa","tag-medunarodna-biciklisticka-utrka-tour-bih","tag-toni-zoric","tag-tour-bih","tag-tour-of-bosnia-and-herzegovina","tag-tourbih","tag-uci","tag-uci-kalendar"],"yoast_head":"<!-- This site is optimized with the Yoast SEO Premium plugin v26.7 (Yoast SEO v27.5) - https:\/\/yoast.com\/product\/yoast-seo-premium-wordpress\/ -->\n<title>Organizatori \u201cTour of Bosnia and Herzegovina\u201d odr\u017eali sastanak s premijerom Kantona Sarajevo Nihadom Ukom - Tour BiH<\/title>\n<meta name=\"description\" content=\"U Sarajevu je odr\u017ean radni sastanak organizacijskog tima me\u0111unarodne biciklisti\u010dke utrke Tour of Bosnia and Herzegovina s premijerom Kantona\" \/>\n<meta name=\"robots\" content=\"index, follow, max-snippet:-1, max-image-preview:large, max-video-preview:-1\" \/>\n<link rel=\"canonical\" href=\"https:\/\/tourbih.ba\/en\/organizatori-tour-of-bosnia-and-herzegovina-odrzali-sastanak-s-premijerom-kantona-sarajevo-nihadom-ukom\/\" \/>\n<meta property=\"og:locale\" content=\"en_US\" \/>\n<meta property=\"og:type\" content=\"article\" \/>\n<meta property=\"og:title\" content=\"Organizatori \u201cTour of Bosnia and Herzegovina\u201d odr\u017eali sastanak s premijerom Kantona Sarajevo Nihadom Ukom\" \/>\n<meta property=\"og:description\" content=\"U Sarajevu je odr\u017ean radni sastanak organizacijskog tima me\u0111unarodne biciklisti\u010dke utrke Tour of Bosnia and Herzegovina s premijerom Kantona\" \/>\n<meta property=\"og:url\" content=\"https:\/\/tourbih.ba\/en\/organizatori-tour-of-bosnia-and-herzegovina-odrzali-sastanak-s-premijerom-kantona-sarajevo-nihadom-ukom\/\" \/>\n<meta property=\"og:site_name\" content=\"Tour BiH\" \/>\n<meta property=\"article:published_time\" content=\"2026-01-06T11:57:17+00:00\" \/>\n<meta property=\"article:modified_time\" content=\"2026-03-01T09:07:15+00:00\" \/>\n<meta property=\"og:image\" content=\"https:\/\/tourbih.ba\/wp-content\/uploads\/2026\/01\/Sastanak-Nihad-Uk-Sarajevo-Tour-naslovna.jpg\" \/>\n\t<meta property=\"og:image:width\" content=\"1200\" \/>\n\t<meta property=\"og:image:height\" content=\"800\" \/>\n\t<meta property=\"og:image:type\" content=\"image\/jpeg\" \/>\n<meta name=\"author\" content=\"Toni Zori\u0107\" \/>\n<meta name=\"twitter:card\" content=\"summary_large_image\" \/>\n<meta name=\"twitter:label1\" content=\"Written by\" \/>\n\t<meta name=\"twitter:data1\" content=\"Toni Zori\u0107\" \/>\n\t<meta name=\"twitter:label2\" content=\"Est. reading time\" \/>\n\t<meta name=\"twitter:data2\" content=\"2 minutes\" \/>\n<script type=\"application\/ld+json\" class=\"yoast-schema-graph\">{\"@context\":\"https:\\\/\\\/schema.org\",\"@graph\":[{\"@type\":\"Article\",\"@id\":\"https:\\\/\\\/tourbih.ba\\\/organizatori-tour-of-bosnia-and-herzegovina-odrzali-sastanak-s-premijerom-kantona-sarajevo-nihadom-ukom\\\/#article\",\"isPartOf\":{\"@id\":\"https:\\\/\\\/tourbih.ba\\\/organizatori-tour-of-bosnia-and-herzegovina-odrzali-sastanak-s-premijerom-kantona-sarajevo-nihadom-ukom\\\/\"},\"author\":{\"name\":\"Toni Zori\u0107\",\"@id\":\"https:\\\/\\\/tourbih.ba\\\/#\\\/schema\\\/person\\\/3ce28fc85cd5bd49e722a414100cb01f\"},\"headline\":\"Organizatori \u201cTour of Bosnia and Herzegovina\u201d odr\u017eali sastanak s premijerom Kantona Sarajevo Nihadom Ukom\",\"datePublished\":\"2026-01-06T11:57:17+00:00\",\"dateModified\":\"2026-03-01T09:07:15+00:00\",\"mainEntityOfPage\":{\"@id\":\"https:\\\/\\\/tourbih.ba\\\/organizatori-tour-of-bosnia-and-herzegovina-odrzali-sastanak-s-premijerom-kantona-sarajevo-nihadom-ukom\\\/\"},\"wordCount\":363,\"image\":{\"@id\":\"https:\\\/\\\/tourbih.ba\\\/organizatori-tour-of-bosnia-and-herzegovina-odrzali-sastanak-s-premijerom-kantona-sarajevo-nihadom-ukom\\\/#primaryimage\"},\"thumbnailUrl\":\"https:\\\/\\\/tourbih.ba\\\/wp-content\\\/uploads\\\/2026\\\/01\\\/Sastanak-Nihad-Uk-Sarajevo-Tour-naslovna.jpg\",\"keywords\":[\"biciklizam\",\"Bosna i Hercegvoina\",\"Kraljevska Etapa\",\"medunarodna biciklisticka utrka Tour BiH\",\"Toni Zoric\",\"Tour BiH\",\"Tour of Bosnia and Herzegovina\",\"tourbih\",\"uci\",\"uci kalendar\"],\"articleSection\":[\"\u010clanak\"],\"inLanguage\":\"en-US\"},{\"@type\":\"WebPage\",\"@id\":\"https:\\\/\\\/tourbih.ba\\\/organizatori-tour-of-bosnia-and-herzegovina-odrzali-sastanak-s-premijerom-kantona-sarajevo-nihadom-ukom\\\/\",\"url\":\"https:\\\/\\\/tourbih.ba\\\/organizatori-tour-of-bosnia-and-herzegovina-odrzali-sastanak-s-premijerom-kantona-sarajevo-nihadom-ukom\\\/\",\"name\":\"Organizatori \u201cTour of Bosnia and Herzegovina\u201d odr\u017eali sastanak s premijerom Kantona Sarajevo Nihadom Ukom - Tour BiH\",\"isPartOf\":{\"@id\":\"https:\\\/\\\/tourbih.ba\\\/#website\"},\"primaryImageOfPage\":{\"@id\":\"https:\\\/\\\/tourbih.ba\\\/organizatori-tour-of-bosnia-and-herzegovina-odrzali-sastanak-s-premijerom-kantona-sarajevo-nihadom-ukom\\\/#primaryimage\"},\"image\":{\"@id\":\"https:\\\/\\\/tourbih.ba\\\/organizatori-tour-of-bosnia-and-herzegovina-odrzali-sastanak-s-premijerom-kantona-sarajevo-nihadom-ukom\\\/#primaryimage\"},\"thumbnailUrl\":\"https:\\\/\\\/tourbih.ba\\\/wp-content\\\/uploads\\\/2026\\\/01\\\/Sastanak-Nihad-Uk-Sarajevo-Tour-naslovna.jpg\",\"datePublished\":\"2026-01-06T11:57:17+00:00\",\"dateModified\":\"2026-03-01T09:07:15+00:00\",\"author\":{\"@id\":\"https:\\\/\\\/tourbih.ba\\\/#\\\/schema\\\/person\\\/3ce28fc85cd5bd49e722a414100cb01f\"},\"description\":\"U Sarajevu je odr\u017ean radni sastanak organizacijskog tima me\u0111unarodne biciklisti\u010dke utrke Tour of Bosnia and Herzegovina s premijerom Kantona\",\"breadcrumb\":{\"@id\":\"https:\\\/\\\/tourbih.ba\\\/organizatori-tour-of-bosnia-and-herzegovina-odrzali-sastanak-s-premijerom-kantona-sarajevo-nihadom-ukom\\\/#breadcrumb\"},\"inLanguage\":\"en-US\",\"potentialAction\":[{\"@type\":\"ReadAction\",\"target\":[\"https:\\\/\\\/tourbih.ba\\\/organizatori-tour-of-bosnia-and-herzegovina-odrzali-sastanak-s-premijerom-kantona-sarajevo-nihadom-ukom\\\/\"]}]},{\"@type\":\"ImageObject\",\"inLanguage\":\"en-US\",\"@id\":\"https:\\\/\\\/tourbih.ba\\\/organizatori-tour-of-bosnia-and-herzegovina-odrzali-sastanak-s-premijerom-kantona-sarajevo-nihadom-ukom\\\/#primaryimage\",\"url\":\"https:\\\/\\\/tourbih.ba\\\/wp-content\\\/uploads\\\/2026\\\/01\\\/Sastanak-Nihad-Uk-Sarajevo-Tour-naslovna.jpg\",\"contentUrl\":\"https:\\\/\\\/tourbih.ba\\\/wp-content\\\/uploads\\\/2026\\\/01\\\/Sastanak-Nihad-Uk-Sarajevo-Tour-naslovna.jpg\",\"width\":1200,\"height\":800},{\"@type\":\"BreadcrumbList\",\"@id\":\"https:\\\/\\\/tourbih.ba\\\/organizatori-tour-of-bosnia-and-herzegovina-odrzali-sastanak-s-premijerom-kantona-sarajevo-nihadom-ukom\\\/#breadcrumb\",\"itemListElement\":[{\"@type\":\"ListItem\",\"position\":1,\"name\":\"Home\",\"item\":\"https:\\\/\\\/tourbih.ba\\\/\"},{\"@type\":\"ListItem\",\"position\":2,\"name\":\"Organizatori \u201cTour of Bosnia and Herzegovina\u201d odr\u017eali sastanak s premijerom Kantona Sarajevo Nihadom Ukom\"}]},{\"@type\":\"WebSite\",\"@id\":\"https:\\\/\\\/tourbih.ba\\\/#website\",\"url\":\"https:\\\/\\\/tourbih.ba\\\/\",\"name\":\"Tour BiH\",\"description\":\"\",\"potentialAction\":[{\"@type\":\"SearchAction\",\"target\":{\"@type\":\"EntryPoint\",\"urlTemplate\":\"https:\\\/\\\/tourbih.ba\\\/?s={search_term_string}\"},\"query-input\":{\"@type\":\"PropertyValueSpecification\",\"valueRequired\":true,\"valueName\":\"search_term_string\"}}],\"inLanguage\":\"en-US\"},{\"@type\":\"Person\",\"@id\":\"https:\\\/\\\/tourbih.ba\\\/#\\\/schema\\\/person\\\/3ce28fc85cd5bd49e722a414100cb01f\",\"name\":\"Toni Zori\u0107\",\"image\":{\"@type\":\"ImageObject\",\"inLanguage\":\"en-US\",\"@id\":\"https:\\\/\\\/secure.gravatar.com\\\/avatar\\\/63d39a2095b152f5992ddf9dd07b4676b12ce7b3529f846141dc517f7f5b5253?s=96&d=mm&r=g\",\"url\":\"https:\\\/\\\/secure.gravatar.com\\\/avatar\\\/63d39a2095b152f5992ddf9dd07b4676b12ce7b3529f846141dc517f7f5b5253?s=96&d=mm&r=g\",\"contentUrl\":\"https:\\\/\\\/secure.gravatar.com\\\/avatar\\\/63d39a2095b152f5992ddf9dd07b4676b12ce7b3529f846141dc517f7f5b5253?s=96&d=mm&r=g\",\"caption\":\"Toni Zori\u0107\"},\"sameAs\":[\"http:\\\/\\\/https.\\\/\\\/tourbih.ba\"],\"url\":\"https:\\\/\\\/tourbih.ba\\\/en\\\/author\\\/toniz\\\/\"}]}<\/script>\n<!-- \/ Yoast SEO Premium plugin. -->","yoast_head_json":{"title":"Organizatori \u201cTour of Bosnia and Herzegovina\u201d odr\u017eali sastanak s premijerom Kantona Sarajevo Nihadom Ukom - Tour BiH","description":"U Sarajevu je odr\u017ean radni sastanak organizacijskog tima me\u0111unarodne biciklisti\u010dke utrke Tour of Bosnia and Herzegovina s premijerom Kantona","robots":{"index":"index","follow":"follow","max-snippet":"max-snippet:-1","max-image-preview":"max-image-preview:large","max-video-preview":"max-video-preview:-1"},"canonical":"https:\/\/tourbih.ba\/en\/organizatori-tour-of-bosnia-and-herzegovina-odrzali-sastanak-s-premijerom-kantona-sarajevo-nihadom-ukom\/","og_locale":"en_US","og_type":"article","og_title":"Organizatori \u201cTour of Bosnia and Herzegovina\u201d odr\u017eali sastanak s premijerom Kantona Sarajevo Nihadom Ukom","og_description":"U Sarajevu je odr\u017ean radni sastanak organizacijskog tima me\u0111unarodne biciklisti\u010dke utrke Tour of Bosnia and Herzegovina s premijerom Kantona","og_url":"https:\/\/tourbih.ba\/en\/organizatori-tour-of-bosnia-and-herzegovina-odrzali-sastanak-s-premijerom-kantona-sarajevo-nihadom-ukom\/","og_site_name":"Tour BiH","article_published_time":"2026-01-06T11:57:17+00:00","article_modified_time":"2026-03-01T09:07:15+00:00","og_image":[{"width":1200,"height":800,"url":"https:\/\/tourbih.ba\/wp-content\/uploads\/2026\/01\/Sastanak-Nihad-Uk-Sarajevo-Tour-naslovna.jpg","type":"image\/jpeg"}],"author":"Toni Zori\u0107","twitter_card":"summary_large_image","twitter_misc":{"Written by":"Toni Zori\u0107","Est. reading time":"2 minutes"},"schema":{"@context":"https:\/\/schema.org","@graph":[{"@type":"Article","@id":"https:\/\/tourbih.ba\/organizatori-tour-of-bosnia-and-herzegovina-odrzali-sastanak-s-premijerom-kantona-sarajevo-nihadom-ukom\/#article","isPartOf":{"@id":"https:\/\/tourbih.ba\/organizatori-tour-of-bosnia-and-herzegovina-odrzali-sastanak-s-premijerom-kantona-sarajevo-nihadom-ukom\/"},"author":{"name":"Toni Zori\u0107","@id":"https:\/\/tourbih.ba\/#\/schema\/person\/3ce28fc85cd5bd49e722a414100cb01f"},"headline":"Organizatori \u201cTour of Bosnia and Herzegovina\u201d odr\u017eali sastanak s premijerom Kantona Sarajevo Nihadom Ukom","datePublished":"2026-01-06T11:57:17+00:00","dateModified":"2026-03-01T09:07:15+00:00","mainEntityOfPage":{"@id":"https:\/\/tourbih.ba\/organizatori-tour-of-bosnia-and-herzegovina-odrzali-sastanak-s-premijerom-kantona-sarajevo-nihadom-ukom\/"},"wordCount":363,"image":{"@id":"https:\/\/tourbih.ba\/organizatori-tour-of-bosnia-and-herzegovina-odrzali-sastanak-s-premijerom-kantona-sarajevo-nihadom-ukom\/#primaryimage"},"thumbnailUrl":"https:\/\/tourbih.ba\/wp-content\/uploads\/2026\/01\/Sastanak-Nihad-Uk-Sarajevo-Tour-naslovna.jpg","keywords":["biciklizam","Bosna i Hercegvoina","Kraljevska Etapa","medunarodna biciklisticka utrka Tour BiH","Toni Zoric","Tour BiH","Tour of Bosnia and Herzegovina","tourbih","uci","uci kalendar"],"articleSection":["\u010clanak"],"inLanguage":"en-US"},{"@type":"WebPage","@id":"https:\/\/tourbih.ba\/organizatori-tour-of-bosnia-and-herzegovina-odrzali-sastanak-s-premijerom-kantona-sarajevo-nihadom-ukom\/","url":"https:\/\/tourbih.ba\/organizatori-tour-of-bosnia-and-herzegovina-odrzali-sastanak-s-premijerom-kantona-sarajevo-nihadom-ukom\/","name":"Organizatori \u201cTour of Bosnia and Herzegovina\u201d odr\u017eali sastanak s premijerom Kantona Sarajevo Nihadom Ukom - Tour BiH","isPartOf":{"@id":"https:\/\/tourbih.ba\/#website"},"primaryImageOfPage":{"@id":"https:\/\/tourbih.ba\/organizatori-tour-of-bosnia-and-herzegovina-odrzali-sastanak-s-premijerom-kantona-sarajevo-nihadom-ukom\/#primaryimage"},"image":{"@id":"https:\/\/tourbih.ba\/organizatori-tour-of-bosnia-and-herzegovina-odrzali-sastanak-s-premijerom-kantona-sarajevo-nihadom-ukom\/#primaryimage"},"thumbnailUrl":"https:\/\/tourbih.ba\/wp-content\/uploads\/2026\/01\/Sastanak-Nihad-Uk-Sarajevo-Tour-naslovna.jpg","datePublished":"2026-01-06T11:57:17+00:00","dateModified":"2026-03-01T09:07:15+00:00","author":{"@id":"https:\/\/tourbih.ba\/#\/schema\/person\/3ce28fc85cd5bd49e722a414100cb01f"},"description":"U Sarajevu je odr\u017ean radni sastanak organizacijskog tima me\u0111unarodne biciklisti\u010dke utrke Tour of Bosnia and Herzegovina s premijerom Kantona","breadcrumb":{"@id":"https:\/\/tourbih.ba\/organizatori-tour-of-bosnia-and-herzegovina-odrzali-sastanak-s-premijerom-kantona-sarajevo-nihadom-ukom\/#breadcrumb"},"inLanguage":"en-US","potentialAction":[{"@type":"ReadAction","target":["https:\/\/tourbih.ba\/organizatori-tour-of-bosnia-and-herzegovina-odrzali-sastanak-s-premijerom-kantona-sarajevo-nihadom-ukom\/"]}]},{"@type":"ImageObject","inLanguage":"en-US","@id":"https:\/\/tourbih.ba\/organizatori-tour-of-bosnia-and-herzegovina-odrzali-sastanak-s-premijerom-kantona-sarajevo-nihadom-ukom\/#primaryimage","url":"https:\/\/tourbih.ba\/wp-content\/uploads\/2026\/01\/Sastanak-Nihad-Uk-Sarajevo-Tour-naslovna.jpg","contentUrl":"https:\/\/tourbih.ba\/wp-content\/uploads\/2026\/01\/Sastanak-Nihad-Uk-Sarajevo-Tour-naslovna.jpg","width":1200,"height":800},{"@type":"BreadcrumbList","@id":"https:\/\/tourbih.ba\/organizatori-tour-of-bosnia-and-herzegovina-odrzali-sastanak-s-premijerom-kantona-sarajevo-nihadom-ukom\/#breadcrumb","itemListElement":[{"@type":"ListItem","position":1,"name":"Home","item":"https:\/\/tourbih.ba\/"},{"@type":"ListItem","position":2,"name":"Organizatori \u201cTour of Bosnia and Herzegovina\u201d odr\u017eali sastanak s premijerom Kantona Sarajevo Nihadom Ukom"}]},{"@type":"WebSite","@id":"https:\/\/tourbih.ba\/#website","url":"https:\/\/tourbih.ba\/","name":"Tour BiH","description":"","potentialAction":[{"@type":"SearchAction","target":{"@type":"EntryPoint","urlTemplate":"https:\/\/tourbih.ba\/?s={search_term_string}"},"query-input":{"@type":"PropertyValueSpecification","valueRequired":true,"valueName":"search_term_string"}}],"inLanguage":"en-US"},{"@type":"Person","@id":"https:\/\/tourbih.ba\/#\/schema\/person\/3ce28fc85cd5bd49e722a414100cb01f","name":"Toni Zori\u0107","image":{"@type":"ImageObject","inLanguage":"en-US","@id":"https:\/\/secure.gravatar.com\/avatar\/63d39a2095b152f5992ddf9dd07b4676b12ce7b3529f846141dc517f7f5b5253?s=96&d=mm&r=g","url":"https:\/\/secure.gravatar.com\/avatar\/63d39a2095b152f5992ddf9dd07b4676b12ce7b3529f846141dc517f7f5b5253?s=96&d=mm&r=g","contentUrl":"https:\/\/secure.gravatar.com\/avatar\/63d39a2095b152f5992ddf9dd07b4676b12ce7b3529f846141dc517f7f5b5253?s=96&d=mm&r=g","caption":"Toni Zori\u0107"},"sameAs":["http:\/\/https.\/\/tourbih.ba"],"url":"https:\/\/tourbih.ba\/en\/author\/toniz\/"}]}},"_links":{"self":[{"href":"https:\/\/tourbih.ba\/en\/wp-json\/wp\/v2\/posts\/3277","targetHints":{"allow":["GET"]}}],"collection":[{"href":"https:\/\/tourbih.ba\/en\/wp-json\/wp\/v2\/posts"}],"about":[{"href":"https:\/\/tourbih.ba\/en\/wp-json\/wp\/v2\/types\/post"}],"author":[{"embeddable":true,"href":"https:\/\/tourbih.ba\/en\/wp-json\/wp\/v2\/users\/2"}],"replies":[{"embeddable":true,"href":"https:\/\/tourbih.ba\/en\/wp-json\/wp\/v2\/comments?post=3277"}],"version-history":[{"count":5,"href":"https:\/\/tourbih.ba\/en\/wp-json\/wp\/v2\/posts\/3277\/revisions"}],"predecessor-version":[{"id":3918,"href":"https:\/\/tourbih.ba\/en\/wp-json\/wp\/v2\/posts\/3277\/revisions\/3918"}],"wp:featuredmedia":[{"embeddable":true,"href":"https:\/\/tourbih.ba\/en\/wp-json\/wp\/v2\/media\/3278"}],"wp:attachment":[{"href":"https:\/\/tourbih.ba\/en\/wp-json\/wp\/v2\/media?parent=3277"}],"wp:term":[{"taxonomy":"category","embeddable":true,"href":"https:\/\/tourbih.ba\/en\/wp-json\/wp\/v2\/categories?post=3277"},{"taxonomy":"post_tag","embeddable":true,"href":"https:\/\/tourbih.ba\/en\/wp-json\/wp\/v2\/tags?post=3277"}],"curies":[{"name":"wp","href":"https:\/\/api.w.org\/{rel}","templated":true}]}}