{"id":3267,"date":"2026-01-05T11:53:12","date_gmt":"2026-01-05T11:53:12","guid":{"rendered":"https:\/\/tourbih.ba\/?p=3267"},"modified":"2026-03-01T09:07:16","modified_gmt":"2026-03-01T09:07:16","slug":"projekt-uci-tour-of-bosnia-and-herzegovina-predstavljen-predsjednici-bradara","status":"publish","type":"post","link":"https:\/\/tourbih.ba\/en\/projekt-uci-tour-of-bosnia-and-herzegovina-predstavljen-predsjednici-bradara\/","title":{"rendered":"Projekt \u201cUCI Tour of Bosnia and Herzegovina\u201d predstavljen predsjednici Bradara"},"content":{"rendered":"<p>U Mostaru je odr\u017ean slu\u017ebeni sastanak organizacijskog tima me\u0111unarodne biciklisti\u010dke utrke \u201cUCI Tour of Bosnia and Herzegovina\u201d s predsjednicom Federacije Bosne i Hercegovine, g\u0111om Lidijom Bradarom. Ovim sastankom jedan od najva\u017enijih sportskih projekata u zemlji dobio je sna\u017enu institucionalnu potporu, samo nekoliko mjeseci nakon \u0161to je utrka slu\u017ebeno uvr\u0161tena u UCI kalendar cestovnih utrka za 2026. godinu.<\/p>\n\n\n\n<p>Na sastanku su sudjelovali direktor utrke i predsjednik Biciklisti\u010dkog saveza BiH Toni Zori\u0107 te \u010dlan Organizacijskog odbora Igor Ba\u0161i\u0107, koji su predstavili koncept i klju\u010dne ciljeve ovog vi\u0161ednevnog sportskog doga\u0111aja. Istaknuli su kako \u0107e utrka povezati razli\u010dite dijelove zemlje i predstaviti najljep\u0161e krajeve BiH \u0161irokoj me\u0111unarodnoj publici.<\/p>\n\n\n\n<p>Ve\u0107 u ovoj fazi priprema interes za sudjelovanje u utrci izrazilo je vi\u0161e od 59 timova iz 37 zemalja, \u0161to Tour of Bosnia and Herzegovina svrstava me\u0111u najve\u0107e sportske manifestacije u Bosni i Hercegovini po broju zemalja sudionica, odmah nakon EYOF-a. Takav odziv potvr\u0111uje prepoznatljivost i potencijal projekta u me\u0111unarodnim biciklisti\u010dkim krugovima.<\/p>\n\n\n\n<p>Predsjednica Bradara pozdravila je projekt, naglasiv\u0161i da Bosna i Hercegovina ima kapacitete biti doma\u0107in vrhunskih me\u0111unarodnih sportskih doga\u0111aja te da Federacija BiH ostaje sna\u017ean partner aktivnostima koje promoviraju zemlju i poti\u010du razvoj sportskog turizma.<\/p>\n\n\n\n<p>Direktor Zori\u0107 zahvalio je predsjednici na prijemu i podr\u0161ci te naglasio kako \u0107e utrka doprinijeti ja\u010danju biciklisti\u010dkog sporta i prezentacije Bosne i Hercegovine na globalnoj sceni.<\/p>\n\n\n\n<p>Organizacijski tim zaklju\u010dio je kako \u0107e Tour of Bosnia and Herzegovina postati simbol povezivanja, suradnje i moderne promocije zemlje, uz dugoro\u010dan doprinos razvoju sporta i turisti\u010dke ponude.<\/p>","protected":false},"excerpt":{"rendered":"<p>U Mostaru je odr\u017ean slu\u017ebeni sastanak organizacijskog tima me\u0111unarodne biciklisti\u010dke utrke \u201cUCI Tour of Bosnia and Herzegovina\u201d s predsjednicom Federacije Bosne i Hercegovine, g\u0111om Lidijom Bradarom. Ovim sastankom jedan od najva\u017enijih sportskih projekata u zemlji dobio je sna\u017enu institucionalnu potporu, samo nekoliko mjeseci nakon \u0161to je utrka slu\u017ebeno uvr\u0161tena u UCI kalendar cestovnih utrka za [&hellip;]<\/p>\n","protected":false},"author":2,"featured_media":3268,"comment_status":"closed","ping_status":"closed","sticky":false,"template":"","format":"standard","meta":{"footnotes":""},"categories":[57],"tags":[65,63,62,67,66,61,64,60,68,69],"class_list":["post-3267","post","type-post","status-publish","format-standard","has-post-thumbnail","hentry","category-clanak","tag-biciklizam","tag-bosna-i-hercegvoina","tag-kraljevska-etapa","tag-medunarodna-biciklisticka-utrka-tour-bih","tag-toni-zoric","tag-tour-bih","tag-tour-of-bosnia-and-herzegovina","tag-tourbih","tag-uci","tag-uci-kalendar"],"yoast_head":"<!-- This site is optimized with the Yoast SEO Premium plugin v26.7 (Yoast SEO v27.5) - https:\/\/yoast.com\/product\/yoast-seo-premium-wordpress\/ -->\n<title>Projekt \u201cUCI Tour of Bosnia and Herzegovina\u201d predstavljen predsjednici Bradara - Tour BiH<\/title>\n<meta name=\"description\" content=\"U Mostaru je odr\u017ean slu\u017ebeni sastanak organizacijskog tima me\u0111unarodne biciklisti\u010dke utrke \u201cUCI Tour of Bosnia and Herzegovina\u201d s\" \/>\n<meta name=\"robots\" content=\"index, follow, max-snippet:-1, max-image-preview:large, max-video-preview:-1\" \/>\n<link rel=\"canonical\" href=\"https:\/\/tourbih.ba\/en\/projekt-uci-tour-of-bosnia-and-herzegovina-predstavljen-predsjednici-bradara\/\" \/>\n<meta property=\"og:locale\" content=\"en_US\" \/>\n<meta property=\"og:type\" content=\"article\" \/>\n<meta property=\"og:title\" content=\"Projekt \u201cUCI Tour of Bosnia and Herzegovina\u201d predstavljen predsjednici Bradara\" \/>\n<meta property=\"og:description\" content=\"U Mostaru je odr\u017ean slu\u017ebeni sastanak organizacijskog tima me\u0111unarodne biciklisti\u010dke utrke \u201cUCI Tour of Bosnia and Herzegovina\u201d s\" \/>\n<meta property=\"og:url\" content=\"https:\/\/tourbih.ba\/en\/projekt-uci-tour-of-bosnia-and-herzegovina-predstavljen-predsjednici-bradara\/\" \/>\n<meta property=\"og:site_name\" content=\"Tour BiH\" \/>\n<meta property=\"article:published_time\" content=\"2026-01-05T11:53:12+00:00\" \/>\n<meta property=\"article:modified_time\" content=\"2026-03-01T09:07:16+00:00\" \/>\n<meta property=\"og:image\" content=\"https:\/\/tourbih.ba\/wp-content\/uploads\/2026\/01\/Lidija-Bradara-Tour-of-BiH-slika-naslovna.jpg\" \/>\n\t<meta property=\"og:image:width\" content=\"1200\" \/>\n\t<meta property=\"og:image:height\" content=\"800\" \/>\n\t<meta property=\"og:image:type\" content=\"image\/jpeg\" \/>\n<meta name=\"author\" content=\"Toni Zori\u0107\" \/>\n<meta name=\"twitter:card\" content=\"summary_large_image\" \/>\n<meta name=\"twitter:label1\" content=\"Written by\" \/>\n\t<meta name=\"twitter:data1\" content=\"Toni Zori\u0107\" \/>\n\t<meta name=\"twitter:label2\" content=\"Est. reading time\" \/>\n\t<meta name=\"twitter:data2\" content=\"2 minutes\" \/>\n<script type=\"application\/ld+json\" class=\"yoast-schema-graph\">{\"@context\":\"https:\\\/\\\/schema.org\",\"@graph\":[{\"@type\":\"Article\",\"@id\":\"https:\\\/\\\/tourbih.ba\\\/projekt-uci-tour-of-bosnia-and-herzegovina-predstavljen-predsjednici-bradara\\\/#article\",\"isPartOf\":{\"@id\":\"https:\\\/\\\/tourbih.ba\\\/projekt-uci-tour-of-bosnia-and-herzegovina-predstavljen-predsjednici-bradara\\\/\"},\"author\":{\"name\":\"Toni Zori\u0107\",\"@id\":\"https:\\\/\\\/tourbih.ba\\\/#\\\/schema\\\/person\\\/3ce28fc85cd5bd49e722a414100cb01f\"},\"headline\":\"Projekt \u201cUCI Tour of Bosnia and Herzegovina\u201d predstavljen predsjednici Bradara\",\"datePublished\":\"2026-01-05T11:53:12+00:00\",\"dateModified\":\"2026-03-01T09:07:16+00:00\",\"mainEntityOfPage\":{\"@id\":\"https:\\\/\\\/tourbih.ba\\\/projekt-uci-tour-of-bosnia-and-herzegovina-predstavljen-predsjednici-bradara\\\/\"},\"wordCount\":285,\"image\":{\"@id\":\"https:\\\/\\\/tourbih.ba\\\/projekt-uci-tour-of-bosnia-and-herzegovina-predstavljen-predsjednici-bradara\\\/#primaryimage\"},\"thumbnailUrl\":\"https:\\\/\\\/tourbih.ba\\\/wp-content\\\/uploads\\\/2026\\\/01\\\/Lidija-Bradara-Tour-of-BiH-slika-naslovna.jpg\",\"keywords\":[\"biciklizam\",\"Bosna i Hercegvoina\",\"Kraljevska Etapa\",\"medunarodna biciklisticka utrka Tour BiH\",\"Toni Zoric\",\"Tour BiH\",\"Tour of Bosnia and Herzegovina\",\"tourbih\",\"uci\",\"uci kalendar\"],\"articleSection\":[\"\u010clanak\"],\"inLanguage\":\"en-US\"},{\"@type\":\"WebPage\",\"@id\":\"https:\\\/\\\/tourbih.ba\\\/projekt-uci-tour-of-bosnia-and-herzegovina-predstavljen-predsjednici-bradara\\\/\",\"url\":\"https:\\\/\\\/tourbih.ba\\\/projekt-uci-tour-of-bosnia-and-herzegovina-predstavljen-predsjednici-bradara\\\/\",\"name\":\"Projekt \u201cUCI Tour of Bosnia and Herzegovina\u201d predstavljen predsjednici Bradara - Tour BiH\",\"isPartOf\":{\"@id\":\"https:\\\/\\\/tourbih.ba\\\/#website\"},\"primaryImageOfPage\":{\"@id\":\"https:\\\/\\\/tourbih.ba\\\/projekt-uci-tour-of-bosnia-and-herzegovina-predstavljen-predsjednici-bradara\\\/#primaryimage\"},\"image\":{\"@id\":\"https:\\\/\\\/tourbih.ba\\\/projekt-uci-tour-of-bosnia-and-herzegovina-predstavljen-predsjednici-bradara\\\/#primaryimage\"},\"thumbnailUrl\":\"https:\\\/\\\/tourbih.ba\\\/wp-content\\\/uploads\\\/2026\\\/01\\\/Lidija-Bradara-Tour-of-BiH-slika-naslovna.jpg\",\"datePublished\":\"2026-01-05T11:53:12+00:00\",\"dateModified\":\"2026-03-01T09:07:16+00:00\",\"author\":{\"@id\":\"https:\\\/\\\/tourbih.ba\\\/#\\\/schema\\\/person\\\/3ce28fc85cd5bd49e722a414100cb01f\"},\"description\":\"U Mostaru je odr\u017ean slu\u017ebeni sastanak organizacijskog tima me\u0111unarodne biciklisti\u010dke utrke \u201cUCI Tour of Bosnia and Herzegovina\u201d s\",\"breadcrumb\":{\"@id\":\"https:\\\/\\\/tourbih.ba\\\/projekt-uci-tour-of-bosnia-and-herzegovina-predstavljen-predsjednici-bradara\\\/#breadcrumb\"},\"inLanguage\":\"en-US\",\"potentialAction\":[{\"@type\":\"ReadAction\",\"target\":[\"https:\\\/\\\/tourbih.ba\\\/projekt-uci-tour-of-bosnia-and-herzegovina-predstavljen-predsjednici-bradara\\\/\"]}]},{\"@type\":\"ImageObject\",\"inLanguage\":\"en-US\",\"@id\":\"https:\\\/\\\/tourbih.ba\\\/projekt-uci-tour-of-bosnia-and-herzegovina-predstavljen-predsjednici-bradara\\\/#primaryimage\",\"url\":\"https:\\\/\\\/tourbih.ba\\\/wp-content\\\/uploads\\\/2026\\\/01\\\/Lidija-Bradara-Tour-of-BiH-slika-naslovna.jpg\",\"contentUrl\":\"https:\\\/\\\/tourbih.ba\\\/wp-content\\\/uploads\\\/2026\\\/01\\\/Lidija-Bradara-Tour-of-BiH-slika-naslovna.jpg\",\"width\":1200,\"height\":800},{\"@type\":\"BreadcrumbList\",\"@id\":\"https:\\\/\\\/tourbih.ba\\\/projekt-uci-tour-of-bosnia-and-herzegovina-predstavljen-predsjednici-bradara\\\/#breadcrumb\",\"itemListElement\":[{\"@type\":\"ListItem\",\"position\":1,\"name\":\"Home\",\"item\":\"https:\\\/\\\/tourbih.ba\\\/\"},{\"@type\":\"ListItem\",\"position\":2,\"name\":\"Projekt \u201cUCI Tour of Bosnia and Herzegovina\u201d predstavljen predsjednici Bradara\"}]},{\"@type\":\"WebSite\",\"@id\":\"https:\\\/\\\/tourbih.ba\\\/#website\",\"url\":\"https:\\\/\\\/tourbih.ba\\\/\",\"name\":\"Tour BiH\",\"description\":\"\",\"potentialAction\":[{\"@type\":\"SearchAction\",\"target\":{\"@type\":\"EntryPoint\",\"urlTemplate\":\"https:\\\/\\\/tourbih.ba\\\/?s={search_term_string}\"},\"query-input\":{\"@type\":\"PropertyValueSpecification\",\"valueRequired\":true,\"valueName\":\"search_term_string\"}}],\"inLanguage\":\"en-US\"},{\"@type\":\"Person\",\"@id\":\"https:\\\/\\\/tourbih.ba\\\/#\\\/schema\\\/person\\\/3ce28fc85cd5bd49e722a414100cb01f\",\"name\":\"Toni Zori\u0107\",\"image\":{\"@type\":\"ImageObject\",\"inLanguage\":\"en-US\",\"@id\":\"https:\\\/\\\/secure.gravatar.com\\\/avatar\\\/63d39a2095b152f5992ddf9dd07b4676b12ce7b3529f846141dc517f7f5b5253?s=96&d=mm&r=g\",\"url\":\"https:\\\/\\\/secure.gravatar.com\\\/avatar\\\/63d39a2095b152f5992ddf9dd07b4676b12ce7b3529f846141dc517f7f5b5253?s=96&d=mm&r=g\",\"contentUrl\":\"https:\\\/\\\/secure.gravatar.com\\\/avatar\\\/63d39a2095b152f5992ddf9dd07b4676b12ce7b3529f846141dc517f7f5b5253?s=96&d=mm&r=g\",\"caption\":\"Toni Zori\u0107\"},\"sameAs\":[\"http:\\\/\\\/https.\\\/\\\/tourbih.ba\"],\"url\":\"https:\\\/\\\/tourbih.ba\\\/en\\\/author\\\/toniz\\\/\"}]}<\/script>\n<!-- \/ Yoast SEO Premium plugin. -->","yoast_head_json":{"title":"Projekt \u201cUCI Tour of Bosnia and Herzegovina\u201d predstavljen predsjednici Bradara - Tour BiH","description":"U Mostaru je odr\u017ean slu\u017ebeni sastanak organizacijskog tima me\u0111unarodne biciklisti\u010dke utrke \u201cUCI Tour of Bosnia and Herzegovina\u201d s","robots":{"index":"index","follow":"follow","max-snippet":"max-snippet:-1","max-image-preview":"max-image-preview:large","max-video-preview":"max-video-preview:-1"},"canonical":"https:\/\/tourbih.ba\/en\/projekt-uci-tour-of-bosnia-and-herzegovina-predstavljen-predsjednici-bradara\/","og_locale":"en_US","og_type":"article","og_title":"Projekt \u201cUCI Tour of Bosnia and Herzegovina\u201d predstavljen predsjednici Bradara","og_description":"U Mostaru je odr\u017ean slu\u017ebeni sastanak organizacijskog tima me\u0111unarodne biciklisti\u010dke utrke \u201cUCI Tour of Bosnia and Herzegovina\u201d s","og_url":"https:\/\/tourbih.ba\/en\/projekt-uci-tour-of-bosnia-and-herzegovina-predstavljen-predsjednici-bradara\/","og_site_name":"Tour BiH","article_published_time":"2026-01-05T11:53:12+00:00","article_modified_time":"2026-03-01T09:07:16+00:00","og_image":[{"width":1200,"height":800,"url":"https:\/\/tourbih.ba\/wp-content\/uploads\/2026\/01\/Lidija-Bradara-Tour-of-BiH-slika-naslovna.jpg","type":"image\/jpeg"}],"author":"Toni Zori\u0107","twitter_card":"summary_large_image","twitter_misc":{"Written by":"Toni Zori\u0107","Est. reading time":"2 minutes"},"schema":{"@context":"https:\/\/schema.org","@graph":[{"@type":"Article","@id":"https:\/\/tourbih.ba\/projekt-uci-tour-of-bosnia-and-herzegovina-predstavljen-predsjednici-bradara\/#article","isPartOf":{"@id":"https:\/\/tourbih.ba\/projekt-uci-tour-of-bosnia-and-herzegovina-predstavljen-predsjednici-bradara\/"},"author":{"name":"Toni Zori\u0107","@id":"https:\/\/tourbih.ba\/#\/schema\/person\/3ce28fc85cd5bd49e722a414100cb01f"},"headline":"Projekt \u201cUCI Tour of Bosnia and Herzegovina\u201d predstavljen predsjednici Bradara","datePublished":"2026-01-05T11:53:12+00:00","dateModified":"2026-03-01T09:07:16+00:00","mainEntityOfPage":{"@id":"https:\/\/tourbih.ba\/projekt-uci-tour-of-bosnia-and-herzegovina-predstavljen-predsjednici-bradara\/"},"wordCount":285,"image":{"@id":"https:\/\/tourbih.ba\/projekt-uci-tour-of-bosnia-and-herzegovina-predstavljen-predsjednici-bradara\/#primaryimage"},"thumbnailUrl":"https:\/\/tourbih.ba\/wp-content\/uploads\/2026\/01\/Lidija-Bradara-Tour-of-BiH-slika-naslovna.jpg","keywords":["biciklizam","Bosna i Hercegvoina","Kraljevska Etapa","medunarodna biciklisticka utrka Tour BiH","Toni Zoric","Tour BiH","Tour of Bosnia and Herzegovina","tourbih","uci","uci kalendar"],"articleSection":["\u010clanak"],"inLanguage":"en-US"},{"@type":"WebPage","@id":"https:\/\/tourbih.ba\/projekt-uci-tour-of-bosnia-and-herzegovina-predstavljen-predsjednici-bradara\/","url":"https:\/\/tourbih.ba\/projekt-uci-tour-of-bosnia-and-herzegovina-predstavljen-predsjednici-bradara\/","name":"Projekt \u201cUCI Tour of Bosnia and Herzegovina\u201d predstavljen predsjednici Bradara - Tour BiH","isPartOf":{"@id":"https:\/\/tourbih.ba\/#website"},"primaryImageOfPage":{"@id":"https:\/\/tourbih.ba\/projekt-uci-tour-of-bosnia-and-herzegovina-predstavljen-predsjednici-bradara\/#primaryimage"},"image":{"@id":"https:\/\/tourbih.ba\/projekt-uci-tour-of-bosnia-and-herzegovina-predstavljen-predsjednici-bradara\/#primaryimage"},"thumbnailUrl":"https:\/\/tourbih.ba\/wp-content\/uploads\/2026\/01\/Lidija-Bradara-Tour-of-BiH-slika-naslovna.jpg","datePublished":"2026-01-05T11:53:12+00:00","dateModified":"2026-03-01T09:07:16+00:00","author":{"@id":"https:\/\/tourbih.ba\/#\/schema\/person\/3ce28fc85cd5bd49e722a414100cb01f"},"description":"U Mostaru je odr\u017ean slu\u017ebeni sastanak organizacijskog tima me\u0111unarodne biciklisti\u010dke utrke \u201cUCI Tour of Bosnia and Herzegovina\u201d s","breadcrumb":{"@id":"https:\/\/tourbih.ba\/projekt-uci-tour-of-bosnia-and-herzegovina-predstavljen-predsjednici-bradara\/#breadcrumb"},"inLanguage":"en-US","potentialAction":[{"@type":"ReadAction","target":["https:\/\/tourbih.ba\/projekt-uci-tour-of-bosnia-and-herzegovina-predstavljen-predsjednici-bradara\/"]}]},{"@type":"ImageObject","inLanguage":"en-US","@id":"https:\/\/tourbih.ba\/projekt-uci-tour-of-bosnia-and-herzegovina-predstavljen-predsjednici-bradara\/#primaryimage","url":"https:\/\/tourbih.ba\/wp-content\/uploads\/2026\/01\/Lidija-Bradara-Tour-of-BiH-slika-naslovna.jpg","contentUrl":"https:\/\/tourbih.ba\/wp-content\/uploads\/2026\/01\/Lidija-Bradara-Tour-of-BiH-slika-naslovna.jpg","width":1200,"height":800},{"@type":"BreadcrumbList","@id":"https:\/\/tourbih.ba\/projekt-uci-tour-of-bosnia-and-herzegovina-predstavljen-predsjednici-bradara\/#breadcrumb","itemListElement":[{"@type":"ListItem","position":1,"name":"Home","item":"https:\/\/tourbih.ba\/"},{"@type":"ListItem","position":2,"name":"Projekt \u201cUCI Tour of Bosnia and Herzegovina\u201d predstavljen predsjednici Bradara"}]},{"@type":"WebSite","@id":"https:\/\/tourbih.ba\/#website","url":"https:\/\/tourbih.ba\/","name":"Tour BiH","description":"","potentialAction":[{"@type":"SearchAction","target":{"@type":"EntryPoint","urlTemplate":"https:\/\/tourbih.ba\/?s={search_term_string}"},"query-input":{"@type":"PropertyValueSpecification","valueRequired":true,"valueName":"search_term_string"}}],"inLanguage":"en-US"},{"@type":"Person","@id":"https:\/\/tourbih.ba\/#\/schema\/person\/3ce28fc85cd5bd49e722a414100cb01f","name":"Toni Zori\u0107","image":{"@type":"ImageObject","inLanguage":"en-US","@id":"https:\/\/secure.gravatar.com\/avatar\/63d39a2095b152f5992ddf9dd07b4676b12ce7b3529f846141dc517f7f5b5253?s=96&d=mm&r=g","url":"https:\/\/secure.gravatar.com\/avatar\/63d39a2095b152f5992ddf9dd07b4676b12ce7b3529f846141dc517f7f5b5253?s=96&d=mm&r=g","contentUrl":"https:\/\/secure.gravatar.com\/avatar\/63d39a2095b152f5992ddf9dd07b4676b12ce7b3529f846141dc517f7f5b5253?s=96&d=mm&r=g","caption":"Toni Zori\u0107"},"sameAs":["http:\/\/https.\/\/tourbih.ba"],"url":"https:\/\/tourbih.ba\/en\/author\/toniz\/"}]}},"_links":{"self":[{"href":"https:\/\/tourbih.ba\/en\/wp-json\/wp\/v2\/posts\/3267","targetHints":{"allow":["GET"]}}],"collection":[{"href":"https:\/\/tourbih.ba\/en\/wp-json\/wp\/v2\/posts"}],"about":[{"href":"https:\/\/tourbih.ba\/en\/wp-json\/wp\/v2\/types\/post"}],"author":[{"embeddable":true,"href":"https:\/\/tourbih.ba\/en\/wp-json\/wp\/v2\/users\/2"}],"replies":[{"embeddable":true,"href":"https:\/\/tourbih.ba\/en\/wp-json\/wp\/v2\/comments?post=3267"}],"version-history":[{"count":5,"href":"https:\/\/tourbih.ba\/en\/wp-json\/wp\/v2\/posts\/3267\/revisions"}],"predecessor-version":[{"id":3920,"href":"https:\/\/tourbih.ba\/en\/wp-json\/wp\/v2\/posts\/3267\/revisions\/3920"}],"wp:featuredmedia":[{"embeddable":true,"href":"https:\/\/tourbih.ba\/en\/wp-json\/wp\/v2\/media\/3268"}],"wp:attachment":[{"href":"https:\/\/tourbih.ba\/en\/wp-json\/wp\/v2\/media?parent=3267"}],"wp:term":[{"taxonomy":"category","embeddable":true,"href":"https:\/\/tourbih.ba\/en\/wp-json\/wp\/v2\/categories?post=3267"},{"taxonomy":"post_tag","embeddable":true,"href":"https:\/\/tourbih.ba\/en\/wp-json\/wp\/v2\/tags?post=3267"}],"curies":[{"name":"wp","href":"https:\/\/api.w.org\/{rel}","templated":true}]}}