{"id":3262,"date":"2026-01-05T11:51:26","date_gmt":"2026-01-05T11:51:26","guid":{"rendered":"https:\/\/tourbih.ba\/?p=3262"},"modified":"2026-03-01T09:07:17","modified_gmt":"2026-03-01T09:07:17","slug":"tour-of-bosnia-and-herzegovina-starta-uz-podrsku-grada-sarajeva","status":"publish","type":"post","link":"https:\/\/tourbih.ba\/en\/tour-of-bosnia-and-herzegovina-starta-uz-podrsku-grada-sarajeva\/","title":{"rendered":"Tour of Bosnia and Herzegovina starta uz podr\u0161ku Grada Sarajeva"},"content":{"rendered":"<p>Organizatori me\u0111unarodne biciklisti\u010dke trke Tour of Bosnia and Herzegovina odr\u017eali su radni sastanak s gradona\u010delnikom Grada Sarajeva, gdinom Samirom Avdi\u0107em, na kojem su prisustvovali Toni Zori\u0107, direktor utrke i predsjednik Biciklisti\u010dkog saveza Bosne i Hercegovine, te Said Fazlagi\u0107, generalni sekretar Olimpijskog komiteta Bosne i Hercegovine, koji je ujedno i specijalni partner Toura.<\/p>\n\n\n\n<p>Velika nam je \u010dast i zadovoljstvo \u0161to je Grad Sarajevo pristao biti doma\u0107in starta doga\u0111aja \u201cTour of Bosnia and Herzegovina\u201d, koji \u0107e se odr\u017eati u travnju 2026 godine, istakli su organizatori. Ovim \u010dinom Sarajevo se pridru\u017euje velikim svjetskim metropolama koje su doma\u0107ini starta ili zavr\u0161etka najpoznatijih utrka Tour-a, \u010dime Bosna i Hercegovina dobiva na reprezentativnosti i prepoznatljivosti me\u0111u ostalim zemljama.<\/p>\n\n\n\n<p>Gradona\u010delnik Avdi\u0107 istaknuo je va\u017enost ovakvog projekta za promociju sporta, turizma i me\u0111unarodne vidljivosti glavnog grada, naglasiv\u0161i kako Grad Sarajevo prepoznaje pozitivan sportski efekt Toura i daje svoju podr\u0161ku ovom velikom sportskom doga\u0111aju.<\/p>\n\n\n\n<p>Interes za sudjelovanje na prvom izdanju Tour of Bosnia and Herzegovina ve\u0107 je iskazalo 50 timova iz 37 zemalja svijeta, \u0161to prema\u0161uje dopu\u0161tenu kvotu UCI-a od 176 profesionalnih biciklista. Organizatori su svjesni ograni\u010denja, ali poru\u010duju kako \u0107e nastojati uklju\u010diti \u0161to ve\u0107i broj zemalja kako bi utrka bila me\u0111unarodno bogata, sportski kvalitetna i organizacijski na najvi\u0161oj razini.<\/p>\n\n\n\n<p>\u201cNa\u0161 je cilj je prikazati Bosnu i Hercegovinu kao zemlju koja ima kapacitete, znanje i iskustvo za organizaciju jednog ovako velikog sportskog i turisti\u010dkog doga\u0111aja. Tour of Bosnia and Herzegovina nije samo biciklisti\u010dka utrka \u2013 to je pri\u010da o promociji na\u0161e zemlje, njenih prirodnih ljepota, gradova i ljudi,\u201d istaknuo je direktor utrke, Toni Zori\u0107.<\/p>\n\n\n\n<p>Utrka \u0107e startati iz Sarajeva 17. travnja 2026 godine, dok je dan ranije planirana sve\u010dana prezentacija projekta visokim uzvanicima, gostima i partnerima.<br>Kroz tri etape, od Sarajeva do Neuma, u du\u017eini od 400 kilometara, utrka \u0107e povezati najljep\u0161e dijelove Bosne i Hercegovine, promoviraju\u0107i turisti\u010dke destinacije, gradove i op\u0107ine. Poseban zna\u010daj ima i \u010dinjenica kako \u0107e Reprezentacija Bosne i Hercegovine po prvi put voziti utrku na svom terenu, bore\u0107i se za UCI bodove koji vode prema nastupu na Olimpijskim igrama 2028. godine u Los Angelesu.<\/p>\n\n\n\n<p>Tour of Bosnia and Herzegovina time postaje vi\u0161e od sportskog doga\u0111aja \u2013 on postaje simbol zajedni\u0161tva, ponosa i promocije Bosne i Hercegovine u svijetu.<\/p>","protected":false},"excerpt":{"rendered":"<p>Organizatori me\u0111unarodne biciklisti\u010dke trke Tour of Bosnia and Herzegovina odr\u017eali su radni sastanak s gradona\u010delnikom Grada Sarajeva, gdinom Samirom Avdi\u0107em, na kojem su prisustvovali Toni Zori\u0107, direktor utrke i predsjednik Biciklisti\u010dkog saveza Bosne i Hercegovine, te Said Fazlagi\u0107, generalni sekretar Olimpijskog komiteta Bosne i Hercegovine, koji je ujedno i specijalni partner Toura. Velika nam je [&hellip;]<\/p>\n","protected":false},"author":2,"featured_media":3263,"comment_status":"closed","ping_status":"closed","sticky":false,"template":"","format":"standard","meta":{"footnotes":""},"categories":[57],"tags":[65,63,62,67,66,61,64,60,68,69],"class_list":["post-3262","post","type-post","status-publish","format-standard","has-post-thumbnail","hentry","category-clanak","tag-biciklizam","tag-bosna-i-hercegvoina","tag-kraljevska-etapa","tag-medunarodna-biciklisticka-utrka-tour-bih","tag-toni-zoric","tag-tour-bih","tag-tour-of-bosnia-and-herzegovina","tag-tourbih","tag-uci","tag-uci-kalendar"],"yoast_head":"<!-- This site is optimized with the Yoast SEO Premium plugin v26.7 (Yoast SEO v27.5) - https:\/\/yoast.com\/product\/yoast-seo-premium-wordpress\/ -->\n<title>Tour of Bosnia and Herzegovina starta uz podr\u0161ku Grada Sarajeva - Tour BiH<\/title>\n<meta name=\"description\" content=\"Organizatori me\u0111unarodne biciklisti\u010dke trke Tour of Bosnia and Herzegovina odr\u017eali su radni sastanak s gradona\u010delnikom Grada Sarajeva\" \/>\n<meta name=\"robots\" content=\"index, follow, max-snippet:-1, max-image-preview:large, max-video-preview:-1\" \/>\n<link rel=\"canonical\" href=\"https:\/\/tourbih.ba\/en\/tour-of-bosnia-and-herzegovina-starta-uz-podrsku-grada-sarajeva\/\" \/>\n<meta property=\"og:locale\" content=\"en_US\" \/>\n<meta property=\"og:type\" content=\"article\" \/>\n<meta property=\"og:title\" content=\"Tour of Bosnia and Herzegovina starta uz podr\u0161ku Grada Sarajeva\" \/>\n<meta property=\"og:description\" content=\"Organizatori me\u0111unarodne biciklisti\u010dke trke Tour of Bosnia and Herzegovina odr\u017eali su radni sastanak s gradona\u010delnikom Grada Sarajeva\" \/>\n<meta property=\"og:url\" content=\"https:\/\/tourbih.ba\/en\/tour-of-bosnia-and-herzegovina-starta-uz-podrsku-grada-sarajeva\/\" \/>\n<meta property=\"og:site_name\" content=\"Tour BiH\" \/>\n<meta property=\"article:published_time\" content=\"2026-01-05T11:51:26+00:00\" \/>\n<meta property=\"article:modified_time\" content=\"2026-03-01T09:07:17+00:00\" \/>\n<meta property=\"og:image\" content=\"https:\/\/tourbih.ba\/wp-content\/uploads\/2026\/01\/Grad-Sarajevo-domacin-Toura-naslovna-slika.jpg\" \/>\n\t<meta property=\"og:image:width\" content=\"1200\" \/>\n\t<meta property=\"og:image:height\" content=\"800\" \/>\n\t<meta property=\"og:image:type\" content=\"image\/jpeg\" \/>\n<meta name=\"author\" content=\"Toni Zori\u0107\" \/>\n<meta name=\"twitter:card\" content=\"summary_large_image\" \/>\n<meta name=\"twitter:label1\" content=\"Written by\" \/>\n\t<meta name=\"twitter:data1\" content=\"Toni Zori\u0107\" \/>\n\t<meta name=\"twitter:label2\" content=\"Est. reading time\" \/>\n\t<meta name=\"twitter:data2\" content=\"3 minutes\" \/>\n<script type=\"application\/ld+json\" class=\"yoast-schema-graph\">{\"@context\":\"https:\\\/\\\/schema.org\",\"@graph\":[{\"@type\":\"Article\",\"@id\":\"https:\\\/\\\/tourbih.ba\\\/tour-of-bosnia-and-herzegovina-starta-uz-podrsku-grada-sarajeva\\\/#article\",\"isPartOf\":{\"@id\":\"https:\\\/\\\/tourbih.ba\\\/tour-of-bosnia-and-herzegovina-starta-uz-podrsku-grada-sarajeva\\\/\"},\"author\":{\"name\":\"Toni Zori\u0107\",\"@id\":\"https:\\\/\\\/tourbih.ba\\\/#\\\/schema\\\/person\\\/3ce28fc85cd5bd49e722a414100cb01f\"},\"headline\":\"Tour of Bosnia and Herzegovina starta uz podr\u0161ku Grada Sarajeva\",\"datePublished\":\"2026-01-05T11:51:26+00:00\",\"dateModified\":\"2026-03-01T09:07:17+00:00\",\"mainEntityOfPage\":{\"@id\":\"https:\\\/\\\/tourbih.ba\\\/tour-of-bosnia-and-herzegovina-starta-uz-podrsku-grada-sarajeva\\\/\"},\"wordCount\":407,\"image\":{\"@id\":\"https:\\\/\\\/tourbih.ba\\\/tour-of-bosnia-and-herzegovina-starta-uz-podrsku-grada-sarajeva\\\/#primaryimage\"},\"thumbnailUrl\":\"https:\\\/\\\/tourbih.ba\\\/wp-content\\\/uploads\\\/2026\\\/01\\\/Grad-Sarajevo-domacin-Toura-naslovna-slika.jpg\",\"keywords\":[\"biciklizam\",\"Bosna i Hercegvoina\",\"Kraljevska Etapa\",\"medunarodna biciklisticka utrka Tour BiH\",\"Toni Zoric\",\"Tour BiH\",\"Tour of Bosnia and Herzegovina\",\"tourbih\",\"uci\",\"uci kalendar\"],\"articleSection\":[\"\u010clanak\"],\"inLanguage\":\"en-US\"},{\"@type\":\"WebPage\",\"@id\":\"https:\\\/\\\/tourbih.ba\\\/tour-of-bosnia-and-herzegovina-starta-uz-podrsku-grada-sarajeva\\\/\",\"url\":\"https:\\\/\\\/tourbih.ba\\\/tour-of-bosnia-and-herzegovina-starta-uz-podrsku-grada-sarajeva\\\/\",\"name\":\"Tour of Bosnia and Herzegovina starta uz podr\u0161ku Grada Sarajeva - Tour BiH\",\"isPartOf\":{\"@id\":\"https:\\\/\\\/tourbih.ba\\\/#website\"},\"primaryImageOfPage\":{\"@id\":\"https:\\\/\\\/tourbih.ba\\\/tour-of-bosnia-and-herzegovina-starta-uz-podrsku-grada-sarajeva\\\/#primaryimage\"},\"image\":{\"@id\":\"https:\\\/\\\/tourbih.ba\\\/tour-of-bosnia-and-herzegovina-starta-uz-podrsku-grada-sarajeva\\\/#primaryimage\"},\"thumbnailUrl\":\"https:\\\/\\\/tourbih.ba\\\/wp-content\\\/uploads\\\/2026\\\/01\\\/Grad-Sarajevo-domacin-Toura-naslovna-slika.jpg\",\"datePublished\":\"2026-01-05T11:51:26+00:00\",\"dateModified\":\"2026-03-01T09:07:17+00:00\",\"author\":{\"@id\":\"https:\\\/\\\/tourbih.ba\\\/#\\\/schema\\\/person\\\/3ce28fc85cd5bd49e722a414100cb01f\"},\"description\":\"Organizatori me\u0111unarodne biciklisti\u010dke trke Tour of Bosnia and Herzegovina odr\u017eali su radni sastanak s gradona\u010delnikom Grada Sarajeva\",\"breadcrumb\":{\"@id\":\"https:\\\/\\\/tourbih.ba\\\/tour-of-bosnia-and-herzegovina-starta-uz-podrsku-grada-sarajeva\\\/#breadcrumb\"},\"inLanguage\":\"en-US\",\"potentialAction\":[{\"@type\":\"ReadAction\",\"target\":[\"https:\\\/\\\/tourbih.ba\\\/tour-of-bosnia-and-herzegovina-starta-uz-podrsku-grada-sarajeva\\\/\"]}]},{\"@type\":\"ImageObject\",\"inLanguage\":\"en-US\",\"@id\":\"https:\\\/\\\/tourbih.ba\\\/tour-of-bosnia-and-herzegovina-starta-uz-podrsku-grada-sarajeva\\\/#primaryimage\",\"url\":\"https:\\\/\\\/tourbih.ba\\\/wp-content\\\/uploads\\\/2026\\\/01\\\/Grad-Sarajevo-domacin-Toura-naslovna-slika.jpg\",\"contentUrl\":\"https:\\\/\\\/tourbih.ba\\\/wp-content\\\/uploads\\\/2026\\\/01\\\/Grad-Sarajevo-domacin-Toura-naslovna-slika.jpg\",\"width\":1200,\"height\":800},{\"@type\":\"BreadcrumbList\",\"@id\":\"https:\\\/\\\/tourbih.ba\\\/tour-of-bosnia-and-herzegovina-starta-uz-podrsku-grada-sarajeva\\\/#breadcrumb\",\"itemListElement\":[{\"@type\":\"ListItem\",\"position\":1,\"name\":\"Home\",\"item\":\"https:\\\/\\\/tourbih.ba\\\/\"},{\"@type\":\"ListItem\",\"position\":2,\"name\":\"Tour of Bosnia and Herzegovina starta uz podr\u0161ku Grada Sarajeva\"}]},{\"@type\":\"WebSite\",\"@id\":\"https:\\\/\\\/tourbih.ba\\\/#website\",\"url\":\"https:\\\/\\\/tourbih.ba\\\/\",\"name\":\"Tour BiH\",\"description\":\"\",\"potentialAction\":[{\"@type\":\"SearchAction\",\"target\":{\"@type\":\"EntryPoint\",\"urlTemplate\":\"https:\\\/\\\/tourbih.ba\\\/?s={search_term_string}\"},\"query-input\":{\"@type\":\"PropertyValueSpecification\",\"valueRequired\":true,\"valueName\":\"search_term_string\"}}],\"inLanguage\":\"en-US\"},{\"@type\":\"Person\",\"@id\":\"https:\\\/\\\/tourbih.ba\\\/#\\\/schema\\\/person\\\/3ce28fc85cd5bd49e722a414100cb01f\",\"name\":\"Toni Zori\u0107\",\"image\":{\"@type\":\"ImageObject\",\"inLanguage\":\"en-US\",\"@id\":\"https:\\\/\\\/secure.gravatar.com\\\/avatar\\\/63d39a2095b152f5992ddf9dd07b4676b12ce7b3529f846141dc517f7f5b5253?s=96&d=mm&r=g\",\"url\":\"https:\\\/\\\/secure.gravatar.com\\\/avatar\\\/63d39a2095b152f5992ddf9dd07b4676b12ce7b3529f846141dc517f7f5b5253?s=96&d=mm&r=g\",\"contentUrl\":\"https:\\\/\\\/secure.gravatar.com\\\/avatar\\\/63d39a2095b152f5992ddf9dd07b4676b12ce7b3529f846141dc517f7f5b5253?s=96&d=mm&r=g\",\"caption\":\"Toni Zori\u0107\"},\"sameAs\":[\"http:\\\/\\\/https.\\\/\\\/tourbih.ba\"],\"url\":\"https:\\\/\\\/tourbih.ba\\\/en\\\/author\\\/toniz\\\/\"}]}<\/script>\n<!-- \/ Yoast SEO Premium plugin. -->","yoast_head_json":{"title":"Tour of Bosnia and Herzegovina starta uz podr\u0161ku Grada Sarajeva - Tour BiH","description":"Organizatori me\u0111unarodne biciklisti\u010dke trke Tour of Bosnia and Herzegovina odr\u017eali su radni sastanak s gradona\u010delnikom Grada Sarajeva","robots":{"index":"index","follow":"follow","max-snippet":"max-snippet:-1","max-image-preview":"max-image-preview:large","max-video-preview":"max-video-preview:-1"},"canonical":"https:\/\/tourbih.ba\/en\/tour-of-bosnia-and-herzegovina-starta-uz-podrsku-grada-sarajeva\/","og_locale":"en_US","og_type":"article","og_title":"Tour of Bosnia and Herzegovina starta uz podr\u0161ku Grada Sarajeva","og_description":"Organizatori me\u0111unarodne biciklisti\u010dke trke Tour of Bosnia and Herzegovina odr\u017eali su radni sastanak s gradona\u010delnikom Grada Sarajeva","og_url":"https:\/\/tourbih.ba\/en\/tour-of-bosnia-and-herzegovina-starta-uz-podrsku-grada-sarajeva\/","og_site_name":"Tour BiH","article_published_time":"2026-01-05T11:51:26+00:00","article_modified_time":"2026-03-01T09:07:17+00:00","og_image":[{"width":1200,"height":800,"url":"https:\/\/tourbih.ba\/wp-content\/uploads\/2026\/01\/Grad-Sarajevo-domacin-Toura-naslovna-slika.jpg","type":"image\/jpeg"}],"author":"Toni Zori\u0107","twitter_card":"summary_large_image","twitter_misc":{"Written by":"Toni Zori\u0107","Est. reading time":"3 minutes"},"schema":{"@context":"https:\/\/schema.org","@graph":[{"@type":"Article","@id":"https:\/\/tourbih.ba\/tour-of-bosnia-and-herzegovina-starta-uz-podrsku-grada-sarajeva\/#article","isPartOf":{"@id":"https:\/\/tourbih.ba\/tour-of-bosnia-and-herzegovina-starta-uz-podrsku-grada-sarajeva\/"},"author":{"name":"Toni Zori\u0107","@id":"https:\/\/tourbih.ba\/#\/schema\/person\/3ce28fc85cd5bd49e722a414100cb01f"},"headline":"Tour of Bosnia and Herzegovina starta uz podr\u0161ku Grada Sarajeva","datePublished":"2026-01-05T11:51:26+00:00","dateModified":"2026-03-01T09:07:17+00:00","mainEntityOfPage":{"@id":"https:\/\/tourbih.ba\/tour-of-bosnia-and-herzegovina-starta-uz-podrsku-grada-sarajeva\/"},"wordCount":407,"image":{"@id":"https:\/\/tourbih.ba\/tour-of-bosnia-and-herzegovina-starta-uz-podrsku-grada-sarajeva\/#primaryimage"},"thumbnailUrl":"https:\/\/tourbih.ba\/wp-content\/uploads\/2026\/01\/Grad-Sarajevo-domacin-Toura-naslovna-slika.jpg","keywords":["biciklizam","Bosna i Hercegvoina","Kraljevska Etapa","medunarodna biciklisticka utrka Tour BiH","Toni Zoric","Tour BiH","Tour of Bosnia and Herzegovina","tourbih","uci","uci kalendar"],"articleSection":["\u010clanak"],"inLanguage":"en-US"},{"@type":"WebPage","@id":"https:\/\/tourbih.ba\/tour-of-bosnia-and-herzegovina-starta-uz-podrsku-grada-sarajeva\/","url":"https:\/\/tourbih.ba\/tour-of-bosnia-and-herzegovina-starta-uz-podrsku-grada-sarajeva\/","name":"Tour of Bosnia and Herzegovina starta uz podr\u0161ku Grada Sarajeva - Tour BiH","isPartOf":{"@id":"https:\/\/tourbih.ba\/#website"},"primaryImageOfPage":{"@id":"https:\/\/tourbih.ba\/tour-of-bosnia-and-herzegovina-starta-uz-podrsku-grada-sarajeva\/#primaryimage"},"image":{"@id":"https:\/\/tourbih.ba\/tour-of-bosnia-and-herzegovina-starta-uz-podrsku-grada-sarajeva\/#primaryimage"},"thumbnailUrl":"https:\/\/tourbih.ba\/wp-content\/uploads\/2026\/01\/Grad-Sarajevo-domacin-Toura-naslovna-slika.jpg","datePublished":"2026-01-05T11:51:26+00:00","dateModified":"2026-03-01T09:07:17+00:00","author":{"@id":"https:\/\/tourbih.ba\/#\/schema\/person\/3ce28fc85cd5bd49e722a414100cb01f"},"description":"Organizatori me\u0111unarodne biciklisti\u010dke trke Tour of Bosnia and Herzegovina odr\u017eali su radni sastanak s gradona\u010delnikom Grada Sarajeva","breadcrumb":{"@id":"https:\/\/tourbih.ba\/tour-of-bosnia-and-herzegovina-starta-uz-podrsku-grada-sarajeva\/#breadcrumb"},"inLanguage":"en-US","potentialAction":[{"@type":"ReadAction","target":["https:\/\/tourbih.ba\/tour-of-bosnia-and-herzegovina-starta-uz-podrsku-grada-sarajeva\/"]}]},{"@type":"ImageObject","inLanguage":"en-US","@id":"https:\/\/tourbih.ba\/tour-of-bosnia-and-herzegovina-starta-uz-podrsku-grada-sarajeva\/#primaryimage","url":"https:\/\/tourbih.ba\/wp-content\/uploads\/2026\/01\/Grad-Sarajevo-domacin-Toura-naslovna-slika.jpg","contentUrl":"https:\/\/tourbih.ba\/wp-content\/uploads\/2026\/01\/Grad-Sarajevo-domacin-Toura-naslovna-slika.jpg","width":1200,"height":800},{"@type":"BreadcrumbList","@id":"https:\/\/tourbih.ba\/tour-of-bosnia-and-herzegovina-starta-uz-podrsku-grada-sarajeva\/#breadcrumb","itemListElement":[{"@type":"ListItem","position":1,"name":"Home","item":"https:\/\/tourbih.ba\/"},{"@type":"ListItem","position":2,"name":"Tour of Bosnia and Herzegovina starta uz podr\u0161ku Grada Sarajeva"}]},{"@type":"WebSite","@id":"https:\/\/tourbih.ba\/#website","url":"https:\/\/tourbih.ba\/","name":"Tour BiH","description":"","potentialAction":[{"@type":"SearchAction","target":{"@type":"EntryPoint","urlTemplate":"https:\/\/tourbih.ba\/?s={search_term_string}"},"query-input":{"@type":"PropertyValueSpecification","valueRequired":true,"valueName":"search_term_string"}}],"inLanguage":"en-US"},{"@type":"Person","@id":"https:\/\/tourbih.ba\/#\/schema\/person\/3ce28fc85cd5bd49e722a414100cb01f","name":"Toni Zori\u0107","image":{"@type":"ImageObject","inLanguage":"en-US","@id":"https:\/\/secure.gravatar.com\/avatar\/63d39a2095b152f5992ddf9dd07b4676b12ce7b3529f846141dc517f7f5b5253?s=96&d=mm&r=g","url":"https:\/\/secure.gravatar.com\/avatar\/63d39a2095b152f5992ddf9dd07b4676b12ce7b3529f846141dc517f7f5b5253?s=96&d=mm&r=g","contentUrl":"https:\/\/secure.gravatar.com\/avatar\/63d39a2095b152f5992ddf9dd07b4676b12ce7b3529f846141dc517f7f5b5253?s=96&d=mm&r=g","caption":"Toni Zori\u0107"},"sameAs":["http:\/\/https.\/\/tourbih.ba"],"url":"https:\/\/tourbih.ba\/en\/author\/toniz\/"}]}},"_links":{"self":[{"href":"https:\/\/tourbih.ba\/en\/wp-json\/wp\/v2\/posts\/3262","targetHints":{"allow":["GET"]}}],"collection":[{"href":"https:\/\/tourbih.ba\/en\/wp-json\/wp\/v2\/posts"}],"about":[{"href":"https:\/\/tourbih.ba\/en\/wp-json\/wp\/v2\/types\/post"}],"author":[{"embeddable":true,"href":"https:\/\/tourbih.ba\/en\/wp-json\/wp\/v2\/users\/2"}],"replies":[{"embeddable":true,"href":"https:\/\/tourbih.ba\/en\/wp-json\/wp\/v2\/comments?post=3262"}],"version-history":[{"count":5,"href":"https:\/\/tourbih.ba\/en\/wp-json\/wp\/v2\/posts\/3262\/revisions"}],"predecessor-version":[{"id":3921,"href":"https:\/\/tourbih.ba\/en\/wp-json\/wp\/v2\/posts\/3262\/revisions\/3921"}],"wp:featuredmedia":[{"embeddable":true,"href":"https:\/\/tourbih.ba\/en\/wp-json\/wp\/v2\/media\/3263"}],"wp:attachment":[{"href":"https:\/\/tourbih.ba\/en\/wp-json\/wp\/v2\/media?parent=3262"}],"wp:term":[{"taxonomy":"category","embeddable":true,"href":"https:\/\/tourbih.ba\/en\/wp-json\/wp\/v2\/categories?post=3262"},{"taxonomy":"post_tag","embeddable":true,"href":"https:\/\/tourbih.ba\/en\/wp-json\/wp\/v2\/tags?post=3262"}],"curies":[{"name":"wp","href":"https:\/\/api.w.org\/{rel}","templated":true}]}}