{"id":3252,"date":"2026-01-04T11:48:10","date_gmt":"2026-01-04T11:48:10","guid":{"rendered":"https:\/\/tourbih.ba\/?p=3252"},"modified":"2026-03-01T09:07:19","modified_gmt":"2026-03-01T09:07:19","slug":"tour-of-bosnia-and-herzegovina-zapocele-sigurnosne-pripreme-odrzan-sastanak-s-mup-om-hnz","status":"publish","type":"post","link":"https:\/\/tourbih.ba\/en\/tour-of-bosnia-and-herzegovina-zapocele-sigurnosne-pripreme-odrzan-sastanak-s-mup-om-hnz\/","title":{"rendered":"\u201cTour of Bosnia and Herzegovina\u201d: Zapo\u010dele sigurnosne pripreme \u2013 odr\u017ean sastanak s MUP-om HN\u017d"},"content":{"rendered":"<p>U sklopu priprema za me\u0111unarodnu cestovnu utrku \u201cTour of Bosnia and Herzegovina\u201d, organizatori su odr\u017eali radni sastanak s predstavnicima Ministarstva unutarnjih poslova Hercegova\u010dko-neretvanske \u017eupanije kako bi ih upoznali s predstoje\u0107im doga\u0111ajem te zapo\u010deli proces izrade sigurnosnih protokola i formiranja tima koji \u0107e raditi na svim aspektima sigurnosti natjecanja.<\/p>\n\n\n\n<p>Na sastanku, koji je odr\u017ean 14. studenog 2025. godine, sudjelovali su ministar Mario Mari\u0107, komesar Robert Peri\u0107 i samostalni inspektor Nijaz Tucakovi\u0107, dok su organizatore predstavljali Toni Zori\u0107, direktor utrke, i Branislav Stojki\u0107, izvr\u0161ni direktor Toura.<\/p>\n\n\n\n<p>U slu\u017ebenom priop\u0107enju MUP-a HN\u017d istaknuto je da je utrka projekt \u0161irokih razmjera koji zahtijeva obimne pripreme i iznimno preciznu koordinaciju svih uklju\u010denih sudionika, pri \u010demu je klju\u010dan segment sigurnost natjecatelja i regulacija prometa na dionicama kojima \u0107e se utrka odvijati. Ministarstvo je izrazilo potpunu podr\u0161ku ideji i istaknulo da \u0107e ovaj sportski spektakl u vrijeme odr\u017eavanja pozicionirati Bosnu i Hercegovinu na svjetsku sportsku pozornicu.<\/p>\n\n\n\n<p>Me\u0111unarodna UCI cestovna utrka Tour of Bosnia and Herzegovina planirana je u razdoblju 17. \u2013 19. travnja 2026. godine, a vozit \u0107e se u tri etape, ukupne duljine vi\u0161e od 450 kilometara. Utrka \u0107e povezati Sarajevo, Konjic, Jablanica, Mostar, \u010capljina, Ljubu\u0161ki, Grude i Neum, promoviraju\u0107i sport, turizam i prirodne ljepote Bosne i Hercegovine. O\u010dekuje se sudjelovanje 50 timova sa 176 profesionalnih biciklista iz 35 zemalja svijeta.<\/p>\n\n\n\n<p>Organizatori nagla\u0161avaju da je sigurnost svih sudionika i gledatelja apsolutni prioritet, te isti\u010du va\u017enost suradnje s policijskim agencijama u svim \u017eupanijama kroz koje prolazi utrka. Ranije je odr\u017ean sastanak s MUP-om Zapadnohercegova\u010dke \u017eupanije, dok je uskoro planiran i radni sastanak s MUP-om Kantona Sarajevo, \u010dime se nastavlja sustavno kreiranje integriranog sigurnosnog plana na razini cijele trase.<\/p>\n\n\n\n<p>\u201cNa\u0161a je obaveza osigurati najbolje mogu\u0107e uvjete za sve sudionike, osim natjecatelja, uklju\u010duju\u0107i i goste iz 37 zemalja, te omogu\u0107iti da utrka protekne u duhu sportskog natjecanja, profesionalne organizacije i me\u0111unarodne prepoznatljivosti\u201d, izjavio je Toni Zori\u0107, direktor utrke.<\/p>\n\n\n\n<p>Tour of Bosnia and Herzegovina tako ulazi u klju\u010dnu fazu priprema, nagla\u0161avaju\u0107i da je ovakva vrsta suradnje s policijskim institucijama temelj za uspje\u0161nu, sigurnu i profesionalno organiziranu utrku koja \u0107e Bosnu i Hercegovinu predstaviti u najboljem svjetlu.<\/p>","protected":false},"excerpt":{"rendered":"<p>U sklopu priprema za me\u0111unarodnu cestovnu utrku \u201cTour of Bosnia and Herzegovina\u201d, organizatori su odr\u017eali radni sastanak s predstavnicima Ministarstva unutarnjih poslova Hercegova\u010dko-neretvanske \u017eupanije kako bi ih upoznali s predstoje\u0107im doga\u0111ajem te zapo\u010deli proces izrade sigurnosnih protokola i formiranja tima koji \u0107e raditi na svim aspektima sigurnosti natjecanja. Na sastanku, koji je odr\u017ean 14. studenog [&hellip;]<\/p>\n","protected":false},"author":2,"featured_media":3253,"comment_status":"closed","ping_status":"closed","sticky":false,"template":"","format":"standard","meta":{"footnotes":""},"categories":[57],"tags":[65,63,62,67,66,61,64,60,68,69],"class_list":["post-3252","post","type-post","status-publish","format-standard","has-post-thumbnail","hentry","category-clanak","tag-biciklizam","tag-bosna-i-hercegvoina","tag-kraljevska-etapa","tag-medunarodna-biciklisticka-utrka-tour-bih","tag-toni-zoric","tag-tour-bih","tag-tour-of-bosnia-and-herzegovina","tag-tourbih","tag-uci","tag-uci-kalendar"],"yoast_head":"<!-- This site is optimized with the Yoast SEO Premium plugin v26.7 (Yoast SEO v27.5) - https:\/\/yoast.com\/product\/yoast-seo-premium-wordpress\/ -->\n<title>\u201cTour of Bosnia and Herzegovina\u201d: Zapo\u010dele sigurnosne pripreme \u2013 odr\u017ean sastanak s MUP-om HN\u017d - Tour BiH<\/title>\n<meta name=\"description\" content=\"U sklopu priprema za me\u0111unarodnu cestovnu utrku \u201cTour of Bosnia and Herzegovina\u201d, organizatori su odr\u017eali radni sastanak s predstavnicima\" \/>\n<meta name=\"robots\" content=\"index, follow, max-snippet:-1, max-image-preview:large, max-video-preview:-1\" \/>\n<link rel=\"canonical\" href=\"https:\/\/tourbih.ba\/en\/tour-of-bosnia-and-herzegovina-zapocele-sigurnosne-pripreme-odrzan-sastanak-s-mup-om-hnz\/\" \/>\n<meta property=\"og:locale\" content=\"en_US\" \/>\n<meta property=\"og:type\" content=\"article\" \/>\n<meta property=\"og:title\" content=\"\u201cTour of Bosnia and Herzegovina\u201d: Zapo\u010dele sigurnosne pripreme \u2013 odr\u017ean sastanak s MUP-om HN\u017d\" \/>\n<meta property=\"og:description\" content=\"U sklopu priprema za me\u0111unarodnu cestovnu utrku \u201cTour of Bosnia and Herzegovina\u201d, organizatori su odr\u017eali radni sastanak s predstavnicima\" \/>\n<meta property=\"og:url\" content=\"https:\/\/tourbih.ba\/en\/tour-of-bosnia-and-herzegovina-zapocele-sigurnosne-pripreme-odrzan-sastanak-s-mup-om-hnz\/\" \/>\n<meta property=\"og:site_name\" content=\"Tour BiH\" \/>\n<meta property=\"article:published_time\" content=\"2026-01-04T11:48:10+00:00\" \/>\n<meta property=\"article:modified_time\" content=\"2026-03-01T09:07:19+00:00\" \/>\n<meta property=\"og:image\" content=\"https:\/\/tourbih.ba\/wp-content\/uploads\/2026\/01\/Sastanak-MUP-HNZ-i-Tour-slika-1.jpg\" \/>\n\t<meta property=\"og:image:width\" content=\"1200\" \/>\n\t<meta property=\"og:image:height\" content=\"800\" \/>\n\t<meta property=\"og:image:type\" content=\"image\/jpeg\" \/>\n<meta name=\"author\" content=\"Toni Zori\u0107\" \/>\n<meta name=\"twitter:card\" content=\"summary_large_image\" \/>\n<meta name=\"twitter:label1\" content=\"Written by\" \/>\n\t<meta name=\"twitter:data1\" content=\"Toni Zori\u0107\" \/>\n\t<meta name=\"twitter:label2\" content=\"Est. reading time\" \/>\n\t<meta name=\"twitter:data2\" content=\"3 minutes\" \/>\n<script type=\"application\/ld+json\" class=\"yoast-schema-graph\">{\"@context\":\"https:\\\/\\\/schema.org\",\"@graph\":[{\"@type\":\"Article\",\"@id\":\"https:\\\/\\\/tourbih.ba\\\/tour-of-bosnia-and-herzegovina-zapocele-sigurnosne-pripreme-odrzan-sastanak-s-mup-om-hnz\\\/#article\",\"isPartOf\":{\"@id\":\"https:\\\/\\\/tourbih.ba\\\/tour-of-bosnia-and-herzegovina-zapocele-sigurnosne-pripreme-odrzan-sastanak-s-mup-om-hnz\\\/\"},\"author\":{\"name\":\"Toni Zori\u0107\",\"@id\":\"https:\\\/\\\/tourbih.ba\\\/#\\\/schema\\\/person\\\/3ce28fc85cd5bd49e722a414100cb01f\"},\"headline\":\"\u201cTour of Bosnia and Herzegovina\u201d: Zapo\u010dele sigurnosne pripreme \u2013 odr\u017ean sastanak s MUP-om HN\u017d\",\"datePublished\":\"2026-01-04T11:48:10+00:00\",\"dateModified\":\"2026-03-01T09:07:19+00:00\",\"mainEntityOfPage\":{\"@id\":\"https:\\\/\\\/tourbih.ba\\\/tour-of-bosnia-and-herzegovina-zapocele-sigurnosne-pripreme-odrzan-sastanak-s-mup-om-hnz\\\/\"},\"wordCount\":384,\"image\":{\"@id\":\"https:\\\/\\\/tourbih.ba\\\/tour-of-bosnia-and-herzegovina-zapocele-sigurnosne-pripreme-odrzan-sastanak-s-mup-om-hnz\\\/#primaryimage\"},\"thumbnailUrl\":\"https:\\\/\\\/tourbih.ba\\\/wp-content\\\/uploads\\\/2026\\\/01\\\/Sastanak-MUP-HNZ-i-Tour-slika-1.jpg\",\"keywords\":[\"biciklizam\",\"Bosna i Hercegvoina\",\"Kraljevska Etapa\",\"medunarodna biciklisticka utrka Tour BiH\",\"Toni Zoric\",\"Tour BiH\",\"Tour of Bosnia and Herzegovina\",\"tourbih\",\"uci\",\"uci kalendar\"],\"articleSection\":[\"\u010clanak\"],\"inLanguage\":\"en-US\"},{\"@type\":\"WebPage\",\"@id\":\"https:\\\/\\\/tourbih.ba\\\/tour-of-bosnia-and-herzegovina-zapocele-sigurnosne-pripreme-odrzan-sastanak-s-mup-om-hnz\\\/\",\"url\":\"https:\\\/\\\/tourbih.ba\\\/tour-of-bosnia-and-herzegovina-zapocele-sigurnosne-pripreme-odrzan-sastanak-s-mup-om-hnz\\\/\",\"name\":\"\u201cTour of Bosnia and Herzegovina\u201d: Zapo\u010dele sigurnosne pripreme \u2013 odr\u017ean sastanak s MUP-om HN\u017d - Tour BiH\",\"isPartOf\":{\"@id\":\"https:\\\/\\\/tourbih.ba\\\/#website\"},\"primaryImageOfPage\":{\"@id\":\"https:\\\/\\\/tourbih.ba\\\/tour-of-bosnia-and-herzegovina-zapocele-sigurnosne-pripreme-odrzan-sastanak-s-mup-om-hnz\\\/#primaryimage\"},\"image\":{\"@id\":\"https:\\\/\\\/tourbih.ba\\\/tour-of-bosnia-and-herzegovina-zapocele-sigurnosne-pripreme-odrzan-sastanak-s-mup-om-hnz\\\/#primaryimage\"},\"thumbnailUrl\":\"https:\\\/\\\/tourbih.ba\\\/wp-content\\\/uploads\\\/2026\\\/01\\\/Sastanak-MUP-HNZ-i-Tour-slika-1.jpg\",\"datePublished\":\"2026-01-04T11:48:10+00:00\",\"dateModified\":\"2026-03-01T09:07:19+00:00\",\"author\":{\"@id\":\"https:\\\/\\\/tourbih.ba\\\/#\\\/schema\\\/person\\\/3ce28fc85cd5bd49e722a414100cb01f\"},\"description\":\"U sklopu priprema za me\u0111unarodnu cestovnu utrku \u201cTour of Bosnia and Herzegovina\u201d, organizatori su odr\u017eali radni sastanak s predstavnicima\",\"breadcrumb\":{\"@id\":\"https:\\\/\\\/tourbih.ba\\\/tour-of-bosnia-and-herzegovina-zapocele-sigurnosne-pripreme-odrzan-sastanak-s-mup-om-hnz\\\/#breadcrumb\"},\"inLanguage\":\"en-US\",\"potentialAction\":[{\"@type\":\"ReadAction\",\"target\":[\"https:\\\/\\\/tourbih.ba\\\/tour-of-bosnia-and-herzegovina-zapocele-sigurnosne-pripreme-odrzan-sastanak-s-mup-om-hnz\\\/\"]}]},{\"@type\":\"ImageObject\",\"inLanguage\":\"en-US\",\"@id\":\"https:\\\/\\\/tourbih.ba\\\/tour-of-bosnia-and-herzegovina-zapocele-sigurnosne-pripreme-odrzan-sastanak-s-mup-om-hnz\\\/#primaryimage\",\"url\":\"https:\\\/\\\/tourbih.ba\\\/wp-content\\\/uploads\\\/2026\\\/01\\\/Sastanak-MUP-HNZ-i-Tour-slika-1.jpg\",\"contentUrl\":\"https:\\\/\\\/tourbih.ba\\\/wp-content\\\/uploads\\\/2026\\\/01\\\/Sastanak-MUP-HNZ-i-Tour-slika-1.jpg\",\"width\":1200,\"height\":800},{\"@type\":\"BreadcrumbList\",\"@id\":\"https:\\\/\\\/tourbih.ba\\\/tour-of-bosnia-and-herzegovina-zapocele-sigurnosne-pripreme-odrzan-sastanak-s-mup-om-hnz\\\/#breadcrumb\",\"itemListElement\":[{\"@type\":\"ListItem\",\"position\":1,\"name\":\"Home\",\"item\":\"https:\\\/\\\/tourbih.ba\\\/\"},{\"@type\":\"ListItem\",\"position\":2,\"name\":\"\u201cTour of Bosnia and Herzegovina\u201d: Zapo\u010dele sigurnosne pripreme \u2013 odr\u017ean sastanak s MUP-om HN\u017d\"}]},{\"@type\":\"WebSite\",\"@id\":\"https:\\\/\\\/tourbih.ba\\\/#website\",\"url\":\"https:\\\/\\\/tourbih.ba\\\/\",\"name\":\"Tour BiH\",\"description\":\"\",\"potentialAction\":[{\"@type\":\"SearchAction\",\"target\":{\"@type\":\"EntryPoint\",\"urlTemplate\":\"https:\\\/\\\/tourbih.ba\\\/?s={search_term_string}\"},\"query-input\":{\"@type\":\"PropertyValueSpecification\",\"valueRequired\":true,\"valueName\":\"search_term_string\"}}],\"inLanguage\":\"en-US\"},{\"@type\":\"Person\",\"@id\":\"https:\\\/\\\/tourbih.ba\\\/#\\\/schema\\\/person\\\/3ce28fc85cd5bd49e722a414100cb01f\",\"name\":\"Toni Zori\u0107\",\"image\":{\"@type\":\"ImageObject\",\"inLanguage\":\"en-US\",\"@id\":\"https:\\\/\\\/secure.gravatar.com\\\/avatar\\\/63d39a2095b152f5992ddf9dd07b4676b12ce7b3529f846141dc517f7f5b5253?s=96&d=mm&r=g\",\"url\":\"https:\\\/\\\/secure.gravatar.com\\\/avatar\\\/63d39a2095b152f5992ddf9dd07b4676b12ce7b3529f846141dc517f7f5b5253?s=96&d=mm&r=g\",\"contentUrl\":\"https:\\\/\\\/secure.gravatar.com\\\/avatar\\\/63d39a2095b152f5992ddf9dd07b4676b12ce7b3529f846141dc517f7f5b5253?s=96&d=mm&r=g\",\"caption\":\"Toni Zori\u0107\"},\"sameAs\":[\"http:\\\/\\\/https.\\\/\\\/tourbih.ba\"],\"url\":\"https:\\\/\\\/tourbih.ba\\\/en\\\/author\\\/toniz\\\/\"}]}<\/script>\n<!-- \/ Yoast SEO Premium plugin. -->","yoast_head_json":{"title":"\u201cTour of Bosnia and Herzegovina\u201d: Zapo\u010dele sigurnosne pripreme \u2013 odr\u017ean sastanak s MUP-om HN\u017d - Tour BiH","description":"U sklopu priprema za me\u0111unarodnu cestovnu utrku \u201cTour of Bosnia and Herzegovina\u201d, organizatori su odr\u017eali radni sastanak s predstavnicima","robots":{"index":"index","follow":"follow","max-snippet":"max-snippet:-1","max-image-preview":"max-image-preview:large","max-video-preview":"max-video-preview:-1"},"canonical":"https:\/\/tourbih.ba\/en\/tour-of-bosnia-and-herzegovina-zapocele-sigurnosne-pripreme-odrzan-sastanak-s-mup-om-hnz\/","og_locale":"en_US","og_type":"article","og_title":"\u201cTour of Bosnia and Herzegovina\u201d: Zapo\u010dele sigurnosne pripreme \u2013 odr\u017ean sastanak s MUP-om HN\u017d","og_description":"U sklopu priprema za me\u0111unarodnu cestovnu utrku \u201cTour of Bosnia and Herzegovina\u201d, organizatori su odr\u017eali radni sastanak s predstavnicima","og_url":"https:\/\/tourbih.ba\/en\/tour-of-bosnia-and-herzegovina-zapocele-sigurnosne-pripreme-odrzan-sastanak-s-mup-om-hnz\/","og_site_name":"Tour BiH","article_published_time":"2026-01-04T11:48:10+00:00","article_modified_time":"2026-03-01T09:07:19+00:00","og_image":[{"width":1200,"height":800,"url":"https:\/\/tourbih.ba\/wp-content\/uploads\/2026\/01\/Sastanak-MUP-HNZ-i-Tour-slika-1.jpg","type":"image\/jpeg"}],"author":"Toni Zori\u0107","twitter_card":"summary_large_image","twitter_misc":{"Written by":"Toni Zori\u0107","Est. reading time":"3 minutes"},"schema":{"@context":"https:\/\/schema.org","@graph":[{"@type":"Article","@id":"https:\/\/tourbih.ba\/tour-of-bosnia-and-herzegovina-zapocele-sigurnosne-pripreme-odrzan-sastanak-s-mup-om-hnz\/#article","isPartOf":{"@id":"https:\/\/tourbih.ba\/tour-of-bosnia-and-herzegovina-zapocele-sigurnosne-pripreme-odrzan-sastanak-s-mup-om-hnz\/"},"author":{"name":"Toni Zori\u0107","@id":"https:\/\/tourbih.ba\/#\/schema\/person\/3ce28fc85cd5bd49e722a414100cb01f"},"headline":"\u201cTour of Bosnia and Herzegovina\u201d: Zapo\u010dele sigurnosne pripreme \u2013 odr\u017ean sastanak s MUP-om HN\u017d","datePublished":"2026-01-04T11:48:10+00:00","dateModified":"2026-03-01T09:07:19+00:00","mainEntityOfPage":{"@id":"https:\/\/tourbih.ba\/tour-of-bosnia-and-herzegovina-zapocele-sigurnosne-pripreme-odrzan-sastanak-s-mup-om-hnz\/"},"wordCount":384,"image":{"@id":"https:\/\/tourbih.ba\/tour-of-bosnia-and-herzegovina-zapocele-sigurnosne-pripreme-odrzan-sastanak-s-mup-om-hnz\/#primaryimage"},"thumbnailUrl":"https:\/\/tourbih.ba\/wp-content\/uploads\/2026\/01\/Sastanak-MUP-HNZ-i-Tour-slika-1.jpg","keywords":["biciklizam","Bosna i Hercegvoina","Kraljevska Etapa","medunarodna biciklisticka utrka Tour BiH","Toni Zoric","Tour BiH","Tour of Bosnia and Herzegovina","tourbih","uci","uci kalendar"],"articleSection":["\u010clanak"],"inLanguage":"en-US"},{"@type":"WebPage","@id":"https:\/\/tourbih.ba\/tour-of-bosnia-and-herzegovina-zapocele-sigurnosne-pripreme-odrzan-sastanak-s-mup-om-hnz\/","url":"https:\/\/tourbih.ba\/tour-of-bosnia-and-herzegovina-zapocele-sigurnosne-pripreme-odrzan-sastanak-s-mup-om-hnz\/","name":"\u201cTour of Bosnia and Herzegovina\u201d: Zapo\u010dele sigurnosne pripreme \u2013 odr\u017ean sastanak s MUP-om HN\u017d - Tour BiH","isPartOf":{"@id":"https:\/\/tourbih.ba\/#website"},"primaryImageOfPage":{"@id":"https:\/\/tourbih.ba\/tour-of-bosnia-and-herzegovina-zapocele-sigurnosne-pripreme-odrzan-sastanak-s-mup-om-hnz\/#primaryimage"},"image":{"@id":"https:\/\/tourbih.ba\/tour-of-bosnia-and-herzegovina-zapocele-sigurnosne-pripreme-odrzan-sastanak-s-mup-om-hnz\/#primaryimage"},"thumbnailUrl":"https:\/\/tourbih.ba\/wp-content\/uploads\/2026\/01\/Sastanak-MUP-HNZ-i-Tour-slika-1.jpg","datePublished":"2026-01-04T11:48:10+00:00","dateModified":"2026-03-01T09:07:19+00:00","author":{"@id":"https:\/\/tourbih.ba\/#\/schema\/person\/3ce28fc85cd5bd49e722a414100cb01f"},"description":"U sklopu priprema za me\u0111unarodnu cestovnu utrku \u201cTour of Bosnia and Herzegovina\u201d, organizatori su odr\u017eali radni sastanak s predstavnicima","breadcrumb":{"@id":"https:\/\/tourbih.ba\/tour-of-bosnia-and-herzegovina-zapocele-sigurnosne-pripreme-odrzan-sastanak-s-mup-om-hnz\/#breadcrumb"},"inLanguage":"en-US","potentialAction":[{"@type":"ReadAction","target":["https:\/\/tourbih.ba\/tour-of-bosnia-and-herzegovina-zapocele-sigurnosne-pripreme-odrzan-sastanak-s-mup-om-hnz\/"]}]},{"@type":"ImageObject","inLanguage":"en-US","@id":"https:\/\/tourbih.ba\/tour-of-bosnia-and-herzegovina-zapocele-sigurnosne-pripreme-odrzan-sastanak-s-mup-om-hnz\/#primaryimage","url":"https:\/\/tourbih.ba\/wp-content\/uploads\/2026\/01\/Sastanak-MUP-HNZ-i-Tour-slika-1.jpg","contentUrl":"https:\/\/tourbih.ba\/wp-content\/uploads\/2026\/01\/Sastanak-MUP-HNZ-i-Tour-slika-1.jpg","width":1200,"height":800},{"@type":"BreadcrumbList","@id":"https:\/\/tourbih.ba\/tour-of-bosnia-and-herzegovina-zapocele-sigurnosne-pripreme-odrzan-sastanak-s-mup-om-hnz\/#breadcrumb","itemListElement":[{"@type":"ListItem","position":1,"name":"Home","item":"https:\/\/tourbih.ba\/"},{"@type":"ListItem","position":2,"name":"\u201cTour of Bosnia and Herzegovina\u201d: Zapo\u010dele sigurnosne pripreme \u2013 odr\u017ean sastanak s MUP-om HN\u017d"}]},{"@type":"WebSite","@id":"https:\/\/tourbih.ba\/#website","url":"https:\/\/tourbih.ba\/","name":"Tour BiH","description":"","potentialAction":[{"@type":"SearchAction","target":{"@type":"EntryPoint","urlTemplate":"https:\/\/tourbih.ba\/?s={search_term_string}"},"query-input":{"@type":"PropertyValueSpecification","valueRequired":true,"valueName":"search_term_string"}}],"inLanguage":"en-US"},{"@type":"Person","@id":"https:\/\/tourbih.ba\/#\/schema\/person\/3ce28fc85cd5bd49e722a414100cb01f","name":"Toni Zori\u0107","image":{"@type":"ImageObject","inLanguage":"en-US","@id":"https:\/\/secure.gravatar.com\/avatar\/63d39a2095b152f5992ddf9dd07b4676b12ce7b3529f846141dc517f7f5b5253?s=96&d=mm&r=g","url":"https:\/\/secure.gravatar.com\/avatar\/63d39a2095b152f5992ddf9dd07b4676b12ce7b3529f846141dc517f7f5b5253?s=96&d=mm&r=g","contentUrl":"https:\/\/secure.gravatar.com\/avatar\/63d39a2095b152f5992ddf9dd07b4676b12ce7b3529f846141dc517f7f5b5253?s=96&d=mm&r=g","caption":"Toni Zori\u0107"},"sameAs":["http:\/\/https.\/\/tourbih.ba"],"url":"https:\/\/tourbih.ba\/en\/author\/toniz\/"}]}},"_links":{"self":[{"href":"https:\/\/tourbih.ba\/en\/wp-json\/wp\/v2\/posts\/3252","targetHints":{"allow":["GET"]}}],"collection":[{"href":"https:\/\/tourbih.ba\/en\/wp-json\/wp\/v2\/posts"}],"about":[{"href":"https:\/\/tourbih.ba\/en\/wp-json\/wp\/v2\/types\/post"}],"author":[{"embeddable":true,"href":"https:\/\/tourbih.ba\/en\/wp-json\/wp\/v2\/users\/2"}],"replies":[{"embeddable":true,"href":"https:\/\/tourbih.ba\/en\/wp-json\/wp\/v2\/comments?post=3252"}],"version-history":[{"count":5,"href":"https:\/\/tourbih.ba\/en\/wp-json\/wp\/v2\/posts\/3252\/revisions"}],"predecessor-version":[{"id":3923,"href":"https:\/\/tourbih.ba\/en\/wp-json\/wp\/v2\/posts\/3252\/revisions\/3923"}],"wp:featuredmedia":[{"embeddable":true,"href":"https:\/\/tourbih.ba\/en\/wp-json\/wp\/v2\/media\/3253"}],"wp:attachment":[{"href":"https:\/\/tourbih.ba\/en\/wp-json\/wp\/v2\/media?parent=3252"}],"wp:term":[{"taxonomy":"category","embeddable":true,"href":"https:\/\/tourbih.ba\/en\/wp-json\/wp\/v2\/categories?post=3252"},{"taxonomy":"post_tag","embeddable":true,"href":"https:\/\/tourbih.ba\/en\/wp-json\/wp\/v2\/tags?post=3252"}],"curies":[{"name":"wp","href":"https:\/\/api.w.org\/{rel}","templated":true}]}}