{"id":3247,"date":"2026-01-03T11:46:23","date_gmt":"2026-01-03T11:46:23","guid":{"rendered":"https:\/\/tourbih.ba\/?p=3247"},"modified":"2026-03-01T09:07:20","modified_gmt":"2026-03-01T09:07:20","slug":"odrzan-sastanak-organizacijskog-tima-tour-of-bosnia-and-herzegovina-s-predsjedateljicom-vijeca-ministara-bih-borjanom-kristo","status":"publish","type":"post","link":"https:\/\/tourbih.ba\/en\/odrzan-sastanak-organizacijskog-tima-tour-of-bosnia-and-herzegovina-s-predsjedateljicom-vijeca-ministara-bih-borjanom-kristo\/","title":{"rendered":"Odr\u017ean sastanak organizacijskog tima \u201cTour of Bosnia and Herzegovina\u201d s predsjedateljicom Vije\u0107a ministara BiH Borjanom Kri\u0161to"},"content":{"rendered":"<p>Predstavnici organizacijskog tima me\u0111unarodne biciklisti\u010dke utrke \u201cTour of Bosnia and Herzegovina\u201d odr\u017eali su sastanak s predsjedateljicom Vije\u0107a ministara Bosne i Hercegovine Borjanom Kri\u0161to, na kojem je predstavljena ideja, misija i vizija projekta koji \u0107e Bosnu i Hercegovinu pozicionirati na me\u0111unarodnoj sportskoj karti. Utrka je slu\u017ebeno uvr\u0161tena u UCI me\u0111unarodni kalendar cestovnih utrka za 2026. godinu, \u0161to predstavlja veliko priznanje i potvrdu kvalitete vi\u0161egodi\u0161njeg rada na razvoju ovog projekta.<\/p>\n\n\n\n<p>Na sastanku su nazo\u010dili Toni Zori\u0107, direktor utrke i predsjednik Biciklisti\u010dkog saveza Bosne i Hercegovine, Branislav Stojki\u0107, projektni menad\u017eer utrke, te dr. Said Fazlagi\u0107, glavni tajnik Olimpijskog komiteta Bosne i Hercegovine.<\/p>\n\n\n\n<p>Tijekom razgovora istaknute su dosada\u0161nje aktivnosti i planovi vezani uz organizaciju utrke, koja predstavlja veliko priznanje i potvrdu kvalitete projekta razvijanog posljednjih godina, ali i sna\u017enu promociju Bosne i Hercegovine na me\u0111unarodnoj sportskoj sceni.<\/p>\n\n\n\n<p>Predstavnici organizacijskog tima predsjedateljici Kri\u0161to predstavili su ideju, misiju i viziju Toura, naglasiv\u0161i kako je cilj ovog projekta kroz sport, turizam i me\u0111unarodnu suradnju na jedinstven na\u010din predstaviti Bosnu i Hercegovinu svijetu. Rije\u010d je o vi\u0161ednevnom sportskom spektaklu koji \u0107e povezati razli\u010dite dijelove zemlje i gradove kroz najljep\u0161e pejza\u017ee BiH, promoviraju\u0107i njene prirodne i kulturne ljepote.<\/p>\n\n\n\n<p>Ve\u0107 sada, iako se utrka jo\u0161 uvijek nalazi u fazi pripreme, interes za sudjelovanje iskazalo je vi\u0161e od 50 timova iz 37 zemalja svijeta, \u0161to pokazuje koliku pa\u017enju projekt izaziva u me\u0111unarodnim krugovima. Organizatori vjeruju kako \u0107e Tour of Bosnia and Herzegovina postati drugi najve\u0107i me\u0111unarodni sportski doga\u0111aj u BiH po broju zemalja sudionica, odmah nakon Europskog olimpijskog festivala mladih (EYOF), koji je okupio predstavnike iz 48 zemalja.<\/p>\n\n\n\n<p>Predsjedateljica Borjana Kri\u0161to izrazila je odu\u0161evljenje projektom, naglasiv\u0161i kako su ovakvi doga\u0111aji dokaz da Bosna i Hercegovina ima kapacitete biti doma\u0107in vrhunskih sportskih manifestacija koje povezuju gradove, regije i ljude kroz sport, promoviraju\u0107i pri tome prirodne ljepote i pozitivnu sliku na\u0161e zemlje.<\/p>\n\n\n\n<p>Direktor utrke Toni Zori\u0107 zahvalio se predsjedateljici Kri\u0161to na prijemu i podr\u0161ci, naglasiv\u0161i kako \u0107e Tour of Bosnia and Herzegovina doprinijeti razvoju biciklizma, turizma i imid\u017ea zemlje na globalnoj razini:<\/p>\n\n\n\n<p>\u201cOvo je vi\u0161e od sportske utrke \u2013 to je projekt koji povezuje sport, turizam i promociju dr\u017eave. Zahvalni smo predsjedateljici Kri\u0161to na razumijevanju va\u017enosti ovog projekta i podr\u0161ci koju je pru\u017eila cijelom timu,\u201d poru\u010dio je Zori\u0107.<\/p>\n\n\n\n<p>Organizacijski tim zaklju\u010dio je kako \u0107e Tour of Bosnia and Herzegovina biti simbol povezivanja, suradnje i promocije BiH, te smo uvjereni kako \u0107e ova utrka dugoro\u010dno doprinijeti razvoju sportskog turizma i me\u0111unarodnog imid\u017ea na\u0161e zemlje.<\/p>","protected":false},"excerpt":{"rendered":"<p>Predstavnici organizacijskog tima me\u0111unarodne biciklisti\u010dke utrke \u201cTour of Bosnia and Herzegovina\u201d odr\u017eali su sastanak s predsjedateljicom Vije\u0107a ministara Bosne i Hercegovine Borjanom Kri\u0161to, na kojem je predstavljena ideja, misija i vizija projekta koji \u0107e Bosnu i Hercegovinu pozicionirati na me\u0111unarodnoj sportskoj karti. Utrka je slu\u017ebeno uvr\u0161tena u UCI me\u0111unarodni kalendar cestovnih utrka za 2026. godinu, [&hellip;]<\/p>\n","protected":false},"author":2,"featured_media":3248,"comment_status":"closed","ping_status":"closed","sticky":false,"template":"","format":"standard","meta":{"footnotes":""},"categories":[57],"tags":[65,63,62,67,66,61,64,60,68,69],"class_list":["post-3247","post","type-post","status-publish","format-standard","has-post-thumbnail","hentry","category-clanak","tag-biciklizam","tag-bosna-i-hercegvoina","tag-kraljevska-etapa","tag-medunarodna-biciklisticka-utrka-tour-bih","tag-toni-zoric","tag-tour-bih","tag-tour-of-bosnia-and-herzegovina","tag-tourbih","tag-uci","tag-uci-kalendar"],"yoast_head":"<!-- This site is optimized with the Yoast SEO Premium plugin v26.7 (Yoast SEO v27.5) - https:\/\/yoast.com\/product\/yoast-seo-premium-wordpress\/ -->\n<title>Odr\u017ean sastanak organizacijskog tima \u201cTour of Bosnia and Herzegovina\u201d s predsjedateljicom Vije\u0107a ministara BiH Borjanom Kri\u0161to - Tour BiH<\/title>\n<meta name=\"description\" content=\"Predstavnici organizacijskog tima me\u0111unarodne biciklisti\u010dke utrke \u201cTour of Bosnia and Herzegovina\u201d odr\u017eali su sastanak s predsjedateljicom\" \/>\n<meta name=\"robots\" content=\"index, follow, max-snippet:-1, max-image-preview:large, max-video-preview:-1\" \/>\n<link rel=\"canonical\" href=\"https:\/\/tourbih.ba\/en\/odrzan-sastanak-organizacijskog-tima-tour-of-bosnia-and-herzegovina-s-predsjedateljicom-vijeca-ministara-bih-borjanom-kristo\/\" \/>\n<meta property=\"og:locale\" content=\"en_US\" \/>\n<meta property=\"og:type\" content=\"article\" \/>\n<meta property=\"og:title\" content=\"Odr\u017ean sastanak organizacijskog tima \u201cTour of Bosnia and Herzegovina\u201d s predsjedateljicom Vije\u0107a ministara BiH Borjanom Kri\u0161to\" \/>\n<meta property=\"og:description\" content=\"Predstavnici organizacijskog tima me\u0111unarodne biciklisti\u010dke utrke \u201cTour of Bosnia and Herzegovina\u201d odr\u017eali su sastanak s predsjedateljicom\" \/>\n<meta property=\"og:url\" content=\"https:\/\/tourbih.ba\/en\/odrzan-sastanak-organizacijskog-tima-tour-of-bosnia-and-herzegovina-s-predsjedateljicom-vijeca-ministara-bih-borjanom-kristo\/\" \/>\n<meta property=\"og:site_name\" content=\"Tour BiH\" \/>\n<meta property=\"article:published_time\" content=\"2026-01-03T11:46:23+00:00\" \/>\n<meta property=\"article:modified_time\" content=\"2026-03-01T09:07:20+00:00\" \/>\n<meta property=\"og:image\" content=\"https:\/\/tourbih.ba\/wp-content\/uploads\/2026\/01\/Borjana-Kristo-sastanak-slika-naslov.jpg\" \/>\n\t<meta property=\"og:image:width\" content=\"1200\" \/>\n\t<meta property=\"og:image:height\" content=\"800\" \/>\n\t<meta property=\"og:image:type\" content=\"image\/jpeg\" \/>\n<meta name=\"author\" content=\"Toni Zori\u0107\" \/>\n<meta name=\"twitter:card\" content=\"summary_large_image\" \/>\n<meta name=\"twitter:label1\" content=\"Written by\" \/>\n\t<meta name=\"twitter:data1\" content=\"Toni Zori\u0107\" \/>\n\t<meta name=\"twitter:label2\" content=\"Est. reading time\" \/>\n\t<meta name=\"twitter:data2\" content=\"3 minutes\" \/>\n<script type=\"application\/ld+json\" class=\"yoast-schema-graph\">{\"@context\":\"https:\\\/\\\/schema.org\",\"@graph\":[{\"@type\":\"Article\",\"@id\":\"https:\\\/\\\/tourbih.ba\\\/odrzan-sastanak-organizacijskog-tima-tour-of-bosnia-and-herzegovina-s-predsjedateljicom-vijeca-ministara-bih-borjanom-kristo\\\/#article\",\"isPartOf\":{\"@id\":\"https:\\\/\\\/tourbih.ba\\\/odrzan-sastanak-organizacijskog-tima-tour-of-bosnia-and-herzegovina-s-predsjedateljicom-vijeca-ministara-bih-borjanom-kristo\\\/\"},\"author\":{\"name\":\"Toni Zori\u0107\",\"@id\":\"https:\\\/\\\/tourbih.ba\\\/#\\\/schema\\\/person\\\/3ce28fc85cd5bd49e722a414100cb01f\"},\"headline\":\"Odr\u017ean sastanak organizacijskog tima \u201cTour of Bosnia and Herzegovina\u201d s predsjedateljicom Vije\u0107a ministara BiH Borjanom Kri\u0161to\",\"datePublished\":\"2026-01-03T11:46:23+00:00\",\"dateModified\":\"2026-03-01T09:07:20+00:00\",\"mainEntityOfPage\":{\"@id\":\"https:\\\/\\\/tourbih.ba\\\/odrzan-sastanak-organizacijskog-tima-tour-of-bosnia-and-herzegovina-s-predsjedateljicom-vijeca-ministara-bih-borjanom-kristo\\\/\"},\"wordCount\":469,\"image\":{\"@id\":\"https:\\\/\\\/tourbih.ba\\\/odrzan-sastanak-organizacijskog-tima-tour-of-bosnia-and-herzegovina-s-predsjedateljicom-vijeca-ministara-bih-borjanom-kristo\\\/#primaryimage\"},\"thumbnailUrl\":\"https:\\\/\\\/tourbih.ba\\\/wp-content\\\/uploads\\\/2026\\\/01\\\/Borjana-Kristo-sastanak-slika-naslov.jpg\",\"keywords\":[\"biciklizam\",\"Bosna i Hercegvoina\",\"Kraljevska Etapa\",\"medunarodna biciklisticka utrka Tour BiH\",\"Toni Zoric\",\"Tour BiH\",\"Tour of Bosnia and Herzegovina\",\"tourbih\",\"uci\",\"uci kalendar\"],\"articleSection\":[\"\u010clanak\"],\"inLanguage\":\"en-US\"},{\"@type\":\"WebPage\",\"@id\":\"https:\\\/\\\/tourbih.ba\\\/odrzan-sastanak-organizacijskog-tima-tour-of-bosnia-and-herzegovina-s-predsjedateljicom-vijeca-ministara-bih-borjanom-kristo\\\/\",\"url\":\"https:\\\/\\\/tourbih.ba\\\/odrzan-sastanak-organizacijskog-tima-tour-of-bosnia-and-herzegovina-s-predsjedateljicom-vijeca-ministara-bih-borjanom-kristo\\\/\",\"name\":\"Odr\u017ean sastanak organizacijskog tima \u201cTour of Bosnia and Herzegovina\u201d s predsjedateljicom Vije\u0107a ministara BiH Borjanom Kri\u0161to - Tour BiH\",\"isPartOf\":{\"@id\":\"https:\\\/\\\/tourbih.ba\\\/#website\"},\"primaryImageOfPage\":{\"@id\":\"https:\\\/\\\/tourbih.ba\\\/odrzan-sastanak-organizacijskog-tima-tour-of-bosnia-and-herzegovina-s-predsjedateljicom-vijeca-ministara-bih-borjanom-kristo\\\/#primaryimage\"},\"image\":{\"@id\":\"https:\\\/\\\/tourbih.ba\\\/odrzan-sastanak-organizacijskog-tima-tour-of-bosnia-and-herzegovina-s-predsjedateljicom-vijeca-ministara-bih-borjanom-kristo\\\/#primaryimage\"},\"thumbnailUrl\":\"https:\\\/\\\/tourbih.ba\\\/wp-content\\\/uploads\\\/2026\\\/01\\\/Borjana-Kristo-sastanak-slika-naslov.jpg\",\"datePublished\":\"2026-01-03T11:46:23+00:00\",\"dateModified\":\"2026-03-01T09:07:20+00:00\",\"author\":{\"@id\":\"https:\\\/\\\/tourbih.ba\\\/#\\\/schema\\\/person\\\/3ce28fc85cd5bd49e722a414100cb01f\"},\"description\":\"Predstavnici organizacijskog tima me\u0111unarodne biciklisti\u010dke utrke \u201cTour of Bosnia and Herzegovina\u201d odr\u017eali su sastanak s predsjedateljicom\",\"breadcrumb\":{\"@id\":\"https:\\\/\\\/tourbih.ba\\\/odrzan-sastanak-organizacijskog-tima-tour-of-bosnia-and-herzegovina-s-predsjedateljicom-vijeca-ministara-bih-borjanom-kristo\\\/#breadcrumb\"},\"inLanguage\":\"en-US\",\"potentialAction\":[{\"@type\":\"ReadAction\",\"target\":[\"https:\\\/\\\/tourbih.ba\\\/odrzan-sastanak-organizacijskog-tima-tour-of-bosnia-and-herzegovina-s-predsjedateljicom-vijeca-ministara-bih-borjanom-kristo\\\/\"]}]},{\"@type\":\"ImageObject\",\"inLanguage\":\"en-US\",\"@id\":\"https:\\\/\\\/tourbih.ba\\\/odrzan-sastanak-organizacijskog-tima-tour-of-bosnia-and-herzegovina-s-predsjedateljicom-vijeca-ministara-bih-borjanom-kristo\\\/#primaryimage\",\"url\":\"https:\\\/\\\/tourbih.ba\\\/wp-content\\\/uploads\\\/2026\\\/01\\\/Borjana-Kristo-sastanak-slika-naslov.jpg\",\"contentUrl\":\"https:\\\/\\\/tourbih.ba\\\/wp-content\\\/uploads\\\/2026\\\/01\\\/Borjana-Kristo-sastanak-slika-naslov.jpg\",\"width\":1200,\"height\":800},{\"@type\":\"BreadcrumbList\",\"@id\":\"https:\\\/\\\/tourbih.ba\\\/odrzan-sastanak-organizacijskog-tima-tour-of-bosnia-and-herzegovina-s-predsjedateljicom-vijeca-ministara-bih-borjanom-kristo\\\/#breadcrumb\",\"itemListElement\":[{\"@type\":\"ListItem\",\"position\":1,\"name\":\"Home\",\"item\":\"https:\\\/\\\/tourbih.ba\\\/\"},{\"@type\":\"ListItem\",\"position\":2,\"name\":\"Odr\u017ean sastanak organizacijskog tima \u201cTour of Bosnia and Herzegovina\u201d s predsjedateljicom Vije\u0107a ministara BiH Borjanom Kri\u0161to\"}]},{\"@type\":\"WebSite\",\"@id\":\"https:\\\/\\\/tourbih.ba\\\/#website\",\"url\":\"https:\\\/\\\/tourbih.ba\\\/\",\"name\":\"Tour BiH\",\"description\":\"\",\"potentialAction\":[{\"@type\":\"SearchAction\",\"target\":{\"@type\":\"EntryPoint\",\"urlTemplate\":\"https:\\\/\\\/tourbih.ba\\\/?s={search_term_string}\"},\"query-input\":{\"@type\":\"PropertyValueSpecification\",\"valueRequired\":true,\"valueName\":\"search_term_string\"}}],\"inLanguage\":\"en-US\"},{\"@type\":\"Person\",\"@id\":\"https:\\\/\\\/tourbih.ba\\\/#\\\/schema\\\/person\\\/3ce28fc85cd5bd49e722a414100cb01f\",\"name\":\"Toni Zori\u0107\",\"image\":{\"@type\":\"ImageObject\",\"inLanguage\":\"en-US\",\"@id\":\"https:\\\/\\\/secure.gravatar.com\\\/avatar\\\/63d39a2095b152f5992ddf9dd07b4676b12ce7b3529f846141dc517f7f5b5253?s=96&d=mm&r=g\",\"url\":\"https:\\\/\\\/secure.gravatar.com\\\/avatar\\\/63d39a2095b152f5992ddf9dd07b4676b12ce7b3529f846141dc517f7f5b5253?s=96&d=mm&r=g\",\"contentUrl\":\"https:\\\/\\\/secure.gravatar.com\\\/avatar\\\/63d39a2095b152f5992ddf9dd07b4676b12ce7b3529f846141dc517f7f5b5253?s=96&d=mm&r=g\",\"caption\":\"Toni Zori\u0107\"},\"sameAs\":[\"http:\\\/\\\/https.\\\/\\\/tourbih.ba\"],\"url\":\"https:\\\/\\\/tourbih.ba\\\/en\\\/author\\\/toniz\\\/\"}]}<\/script>\n<!-- \/ Yoast SEO Premium plugin. -->","yoast_head_json":{"title":"Odr\u017ean sastanak organizacijskog tima \u201cTour of Bosnia and Herzegovina\u201d s predsjedateljicom Vije\u0107a ministara BiH Borjanom Kri\u0161to - Tour BiH","description":"Predstavnici organizacijskog tima me\u0111unarodne biciklisti\u010dke utrke \u201cTour of Bosnia and Herzegovina\u201d odr\u017eali su sastanak s predsjedateljicom","robots":{"index":"index","follow":"follow","max-snippet":"max-snippet:-1","max-image-preview":"max-image-preview:large","max-video-preview":"max-video-preview:-1"},"canonical":"https:\/\/tourbih.ba\/en\/odrzan-sastanak-organizacijskog-tima-tour-of-bosnia-and-herzegovina-s-predsjedateljicom-vijeca-ministara-bih-borjanom-kristo\/","og_locale":"en_US","og_type":"article","og_title":"Odr\u017ean sastanak organizacijskog tima \u201cTour of Bosnia and Herzegovina\u201d s predsjedateljicom Vije\u0107a ministara BiH Borjanom Kri\u0161to","og_description":"Predstavnici organizacijskog tima me\u0111unarodne biciklisti\u010dke utrke \u201cTour of Bosnia and Herzegovina\u201d odr\u017eali su sastanak s predsjedateljicom","og_url":"https:\/\/tourbih.ba\/en\/odrzan-sastanak-organizacijskog-tima-tour-of-bosnia-and-herzegovina-s-predsjedateljicom-vijeca-ministara-bih-borjanom-kristo\/","og_site_name":"Tour BiH","article_published_time":"2026-01-03T11:46:23+00:00","article_modified_time":"2026-03-01T09:07:20+00:00","og_image":[{"width":1200,"height":800,"url":"https:\/\/tourbih.ba\/wp-content\/uploads\/2026\/01\/Borjana-Kristo-sastanak-slika-naslov.jpg","type":"image\/jpeg"}],"author":"Toni Zori\u0107","twitter_card":"summary_large_image","twitter_misc":{"Written by":"Toni Zori\u0107","Est. reading time":"3 minutes"},"schema":{"@context":"https:\/\/schema.org","@graph":[{"@type":"Article","@id":"https:\/\/tourbih.ba\/odrzan-sastanak-organizacijskog-tima-tour-of-bosnia-and-herzegovina-s-predsjedateljicom-vijeca-ministara-bih-borjanom-kristo\/#article","isPartOf":{"@id":"https:\/\/tourbih.ba\/odrzan-sastanak-organizacijskog-tima-tour-of-bosnia-and-herzegovina-s-predsjedateljicom-vijeca-ministara-bih-borjanom-kristo\/"},"author":{"name":"Toni Zori\u0107","@id":"https:\/\/tourbih.ba\/#\/schema\/person\/3ce28fc85cd5bd49e722a414100cb01f"},"headline":"Odr\u017ean sastanak organizacijskog tima \u201cTour of Bosnia and Herzegovina\u201d s predsjedateljicom Vije\u0107a ministara BiH Borjanom Kri\u0161to","datePublished":"2026-01-03T11:46:23+00:00","dateModified":"2026-03-01T09:07:20+00:00","mainEntityOfPage":{"@id":"https:\/\/tourbih.ba\/odrzan-sastanak-organizacijskog-tima-tour-of-bosnia-and-herzegovina-s-predsjedateljicom-vijeca-ministara-bih-borjanom-kristo\/"},"wordCount":469,"image":{"@id":"https:\/\/tourbih.ba\/odrzan-sastanak-organizacijskog-tima-tour-of-bosnia-and-herzegovina-s-predsjedateljicom-vijeca-ministara-bih-borjanom-kristo\/#primaryimage"},"thumbnailUrl":"https:\/\/tourbih.ba\/wp-content\/uploads\/2026\/01\/Borjana-Kristo-sastanak-slika-naslov.jpg","keywords":["biciklizam","Bosna i Hercegvoina","Kraljevska Etapa","medunarodna biciklisticka utrka Tour BiH","Toni Zoric","Tour BiH","Tour of Bosnia and Herzegovina","tourbih","uci","uci kalendar"],"articleSection":["\u010clanak"],"inLanguage":"en-US"},{"@type":"WebPage","@id":"https:\/\/tourbih.ba\/odrzan-sastanak-organizacijskog-tima-tour-of-bosnia-and-herzegovina-s-predsjedateljicom-vijeca-ministara-bih-borjanom-kristo\/","url":"https:\/\/tourbih.ba\/odrzan-sastanak-organizacijskog-tima-tour-of-bosnia-and-herzegovina-s-predsjedateljicom-vijeca-ministara-bih-borjanom-kristo\/","name":"Odr\u017ean sastanak organizacijskog tima \u201cTour of Bosnia and Herzegovina\u201d s predsjedateljicom Vije\u0107a ministara BiH Borjanom Kri\u0161to - Tour BiH","isPartOf":{"@id":"https:\/\/tourbih.ba\/#website"},"primaryImageOfPage":{"@id":"https:\/\/tourbih.ba\/odrzan-sastanak-organizacijskog-tima-tour-of-bosnia-and-herzegovina-s-predsjedateljicom-vijeca-ministara-bih-borjanom-kristo\/#primaryimage"},"image":{"@id":"https:\/\/tourbih.ba\/odrzan-sastanak-organizacijskog-tima-tour-of-bosnia-and-herzegovina-s-predsjedateljicom-vijeca-ministara-bih-borjanom-kristo\/#primaryimage"},"thumbnailUrl":"https:\/\/tourbih.ba\/wp-content\/uploads\/2026\/01\/Borjana-Kristo-sastanak-slika-naslov.jpg","datePublished":"2026-01-03T11:46:23+00:00","dateModified":"2026-03-01T09:07:20+00:00","author":{"@id":"https:\/\/tourbih.ba\/#\/schema\/person\/3ce28fc85cd5bd49e722a414100cb01f"},"description":"Predstavnici organizacijskog tima me\u0111unarodne biciklisti\u010dke utrke \u201cTour of Bosnia and Herzegovina\u201d odr\u017eali su sastanak s predsjedateljicom","breadcrumb":{"@id":"https:\/\/tourbih.ba\/odrzan-sastanak-organizacijskog-tima-tour-of-bosnia-and-herzegovina-s-predsjedateljicom-vijeca-ministara-bih-borjanom-kristo\/#breadcrumb"},"inLanguage":"en-US","potentialAction":[{"@type":"ReadAction","target":["https:\/\/tourbih.ba\/odrzan-sastanak-organizacijskog-tima-tour-of-bosnia-and-herzegovina-s-predsjedateljicom-vijeca-ministara-bih-borjanom-kristo\/"]}]},{"@type":"ImageObject","inLanguage":"en-US","@id":"https:\/\/tourbih.ba\/odrzan-sastanak-organizacijskog-tima-tour-of-bosnia-and-herzegovina-s-predsjedateljicom-vijeca-ministara-bih-borjanom-kristo\/#primaryimage","url":"https:\/\/tourbih.ba\/wp-content\/uploads\/2026\/01\/Borjana-Kristo-sastanak-slika-naslov.jpg","contentUrl":"https:\/\/tourbih.ba\/wp-content\/uploads\/2026\/01\/Borjana-Kristo-sastanak-slika-naslov.jpg","width":1200,"height":800},{"@type":"BreadcrumbList","@id":"https:\/\/tourbih.ba\/odrzan-sastanak-organizacijskog-tima-tour-of-bosnia-and-herzegovina-s-predsjedateljicom-vijeca-ministara-bih-borjanom-kristo\/#breadcrumb","itemListElement":[{"@type":"ListItem","position":1,"name":"Home","item":"https:\/\/tourbih.ba\/"},{"@type":"ListItem","position":2,"name":"Odr\u017ean sastanak organizacijskog tima \u201cTour of Bosnia and Herzegovina\u201d s predsjedateljicom Vije\u0107a ministara BiH Borjanom Kri\u0161to"}]},{"@type":"WebSite","@id":"https:\/\/tourbih.ba\/#website","url":"https:\/\/tourbih.ba\/","name":"Tour BiH","description":"","potentialAction":[{"@type":"SearchAction","target":{"@type":"EntryPoint","urlTemplate":"https:\/\/tourbih.ba\/?s={search_term_string}"},"query-input":{"@type":"PropertyValueSpecification","valueRequired":true,"valueName":"search_term_string"}}],"inLanguage":"en-US"},{"@type":"Person","@id":"https:\/\/tourbih.ba\/#\/schema\/person\/3ce28fc85cd5bd49e722a414100cb01f","name":"Toni Zori\u0107","image":{"@type":"ImageObject","inLanguage":"en-US","@id":"https:\/\/secure.gravatar.com\/avatar\/63d39a2095b152f5992ddf9dd07b4676b12ce7b3529f846141dc517f7f5b5253?s=96&d=mm&r=g","url":"https:\/\/secure.gravatar.com\/avatar\/63d39a2095b152f5992ddf9dd07b4676b12ce7b3529f846141dc517f7f5b5253?s=96&d=mm&r=g","contentUrl":"https:\/\/secure.gravatar.com\/avatar\/63d39a2095b152f5992ddf9dd07b4676b12ce7b3529f846141dc517f7f5b5253?s=96&d=mm&r=g","caption":"Toni Zori\u0107"},"sameAs":["http:\/\/https.\/\/tourbih.ba"],"url":"https:\/\/tourbih.ba\/en\/author\/toniz\/"}]}},"_links":{"self":[{"href":"https:\/\/tourbih.ba\/en\/wp-json\/wp\/v2\/posts\/3247","targetHints":{"allow":["GET"]}}],"collection":[{"href":"https:\/\/tourbih.ba\/en\/wp-json\/wp\/v2\/posts"}],"about":[{"href":"https:\/\/tourbih.ba\/en\/wp-json\/wp\/v2\/types\/post"}],"author":[{"embeddable":true,"href":"https:\/\/tourbih.ba\/en\/wp-json\/wp\/v2\/users\/2"}],"replies":[{"embeddable":true,"href":"https:\/\/tourbih.ba\/en\/wp-json\/wp\/v2\/comments?post=3247"}],"version-history":[{"count":5,"href":"https:\/\/tourbih.ba\/en\/wp-json\/wp\/v2\/posts\/3247\/revisions"}],"predecessor-version":[{"id":3924,"href":"https:\/\/tourbih.ba\/en\/wp-json\/wp\/v2\/posts\/3247\/revisions\/3924"}],"wp:featuredmedia":[{"embeddable":true,"href":"https:\/\/tourbih.ba\/en\/wp-json\/wp\/v2\/media\/3248"}],"wp:attachment":[{"href":"https:\/\/tourbih.ba\/en\/wp-json\/wp\/v2\/media?parent=3247"}],"wp:term":[{"taxonomy":"category","embeddable":true,"href":"https:\/\/tourbih.ba\/en\/wp-json\/wp\/v2\/categories?post=3247"},{"taxonomy":"post_tag","embeddable":true,"href":"https:\/\/tourbih.ba\/en\/wp-json\/wp\/v2\/tags?post=3247"}],"curies":[{"name":"wp","href":"https:\/\/api.w.org\/{rel}","templated":true}]}}