{"id":3242,"date":"2026-01-03T11:44:28","date_gmt":"2026-01-03T11:44:28","guid":{"rendered":"https:\/\/tourbih.ba\/?p=3242"},"modified":"2026-03-01T09:07:20","modified_gmt":"2026-03-01T09:07:20","slug":"vlada-federacije-bih-pruzit-ce-punu-podrsku-medjunarodnoj-biciklistickoj-utrci-tour-of-bosnia-and-herzegovina","status":"publish","type":"post","link":"https:\/\/tourbih.ba\/en\/vlada-federacije-bih-pruzit-ce-punu-podrsku-medjunarodnoj-biciklistickoj-utrci-tour-of-bosnia-and-herzegovina\/","title":{"rendered":"Vlada Federacije BiH pru\u017eit \u0107e punu podr\u0161ku me\u0111unarodnoj biciklisti\u010dkoj utrci \u201eTour of Bosnia and Herzegovina\u201c"},"content":{"rendered":"<p>Delegacija i organizacijski odbor me\u0111unarodne cestovne utrke \u201eTour of Bosnia and Herzegovina\u201c, koju \u010dine tajnik Olimpijskog komiteta BiH gdin. Said Fazlagi\u0107, predsjednik Biciklisti\u010dkog saveza Federacije BiH gdin. Amar Njem\u010devi\u0107 i projekt menad\u017eer utrke gdin. Branislav Stojki\u0107, bili su u posjeti Vladi Federacije Bosne i Hercegovine, gdje ih je do\u010dekala visoka delegacija u svojstvu premijera gdin. Nermin Nik\u0161i\u0107, zamjenik premijera i federalni ministar financija gdin. Toni Kraljevi\u0107, te zamjenik premijera i federalni ministar razvoja, poduzetni\u0161tva i obrta gdin. Vojin Mijatovi\u0107.<\/p>\n\n\n\n<p>Tema sastanka bila je institucionalna podr\u0161ka Vlade Federacije BiH projektu utrke \u201eTour of Bosnia and Herzegovina\u201c, koja je nedavno slu\u017ebeno uvr\u0161tena u kalendar Me\u0111unarodne biciklisti\u010dke unije (UCI) za 2026. godinu. Time Bosna i Hercegovina po prvi put dobiva svoj vlastiti Tour, me\u0111unarodnu etapnu cestovnu utrku koja \u0107e okupiti profesionalne timove iz cijelog svijeta i predstaviti na\u0161u zemlju na globalnoj sportskoj sceni.<\/p>\n\n\n\n<p>Premijer Nermin Nik\u0161i\u0107 istaknuo je va\u017enost projekta za promociju Bosne i Hercegovine i razvoj sporta, poru\u010div\u0161i:<\/p>\n\n\n\n<p>\u201cVlada Federacije BiH ostaje dosljedna u pru\u017eanju podr\u0161ke razvoju sporta, ja\u010danju sportskih institucija i stvaranju boljih uslova za na\u0161e sportiste. Kada je rije\u010d o utrci \u2018Tour of Bosnia and Herzegovina\u2019, Vlada \u0107e u bud\u017eetu za 2026. godinu planirati sredstva i pru\u017eiti punu podr\u0161ku ovom projektu. Posebno isti\u010dem da je Olimpijski komitet Bosne i Hercegovine specijalni partner utrke, \u0161to dodatno potvr\u0111uje njen zna\u010daj. Raduje nas \u0161to je utrka uvr\u0161tena u zvani\u010dni kalendar Me\u0111unarodne biciklisti\u010dke unije \u010dime Bosna i Hercegovina dobija jo\u0161 jedno me\u0111unarodno priznanje i priliku za promociju na svjetskoj sceni.\u201d<\/p>\n\n\n\n<p>Utrka \u201eTour of Bosnia and Herzegovina\u201c predstavlja jedan od najve\u0107ih sportskih i promotivnih projekata u novijoj povijesti doma\u0107eg biciklizma. Njezin cilj je povezati sve regije zemlje kroz sport, promovirati prirodne ljepote, kulturnu ba\u0161tinu i turisti\u010dki potencijal Bosne i Hercegovine te potaknuti razvoj biciklizma na svim razinama.<\/p>\n\n\n\n<p>Projekt ima sna\u017enu podr\u0161ku Olimpijskog komiteta Bosne i Hercegovine, koji je specijalni partner utrke, a sada dolazi i podr\u0161ka Vlade Federacije BiH, kao i brojnih turisti\u010dkih zajednica, loklanih zajednica, gradova i op\u0107ina kroz koje \u0107e utrka prolaziti, \u0161to ujedno i jeste cilj ovog projekta \u2013 uvezati sve relevantne dionike kroz suradnju na projektu dr\u017eavne razine.<\/p>\n\n\n\n<p>Organizatori isti\u010du kako \u0107e utrka biti organizirana u skladu s najvi\u0161im standardima UCI-a, uz sudjelovanje me\u0111unarodnih Pro-Continentalnih i Continentalnih timova, ali i Nacionalnih reprezentacija i lokalnih timova, \u010dime \u0107e se stvoriti sna\u017ean spoj sporta, turizma i promocije zemlje.<\/p>\n\n\n\n<p>\u201cUvr\u0161tavanjem utrke u UCI kalendar, Bosna i Hercegovina je napravila velik korak u razvoju biciklizma i organizaciji ovog doga\u0111aja, jer sada iza Toura stoji i me\u0111unarodna institucija UCI. Ponosni smo \u0161to su sve klju\u010dne institucije \u2013 od Olimpijskog komiteta do Vlade Federacije BiH \u2013 prepoznale zna\u010daj projekta i pru\u017eile mu podr\u0161ku, a svoju podr\u0161ku projektu daje i Biciklisti\u010dki savez Federacije Bosne i Hercegovine. To je dokaz da zajedni\u010dkim radom mo\u017eemo stvoriti doga\u0111aj koji \u0107e na\u0161u zemlju predstaviti svijetu u najboljem svjetlu\u201c, komentirao je predsjednik Biciklisti\u010dkog saveza Federacije BiH, gdin. Amar Njem\u010devi\u0107.<\/p>","protected":false},"excerpt":{"rendered":"<p>Delegacija i organizacijski odbor me\u0111unarodne cestovne utrke \u201eTour of Bosnia and Herzegovina\u201c, koju \u010dine tajnik Olimpijskog komiteta BiH gdin. Said Fazlagi\u0107, predsjednik Biciklisti\u010dkog saveza Federacije BiH gdin. Amar Njem\u010devi\u0107 i projekt menad\u017eer utrke gdin. Branislav Stojki\u0107, bili su u posjeti Vladi Federacije Bosne i Hercegovine, gdje ih je do\u010dekala visoka delegacija u svojstvu premijera gdin. [&hellip;]<\/p>\n","protected":false},"author":2,"featured_media":3243,"comment_status":"closed","ping_status":"closed","sticky":false,"template":"","format":"standard","meta":{"footnotes":""},"categories":[57],"tags":[65,63,62,67,66,61,64,60,68,69],"class_list":["post-3242","post","type-post","status-publish","format-standard","has-post-thumbnail","hentry","category-clanak","tag-biciklizam","tag-bosna-i-hercegvoina","tag-kraljevska-etapa","tag-medunarodna-biciklisticka-utrka-tour-bih","tag-toni-zoric","tag-tour-bih","tag-tour-of-bosnia-and-herzegovina","tag-tourbih","tag-uci","tag-uci-kalendar"],"yoast_head":"<!-- This site is optimized with the Yoast SEO Premium plugin v26.7 (Yoast SEO v27.5) - https:\/\/yoast.com\/product\/yoast-seo-premium-wordpress\/ -->\n<title>Vlada Federacije BiH pru\u017eit \u0107e punu podr\u0161ku me\u0111unarodnoj biciklisti\u010dkoj utrci \u201eTour of Bosnia and Herzegovina\u201c - Tour BiH<\/title>\n<meta name=\"description\" content=\"Delegacija i organizacijski odbor me\u0111unarodne cestovne utrke \u201eTour of Bosnia and Herzegovina\u201c, koju \u010dine tajnik Olimpijskog komiteta BiH\" \/>\n<meta name=\"robots\" content=\"index, follow, max-snippet:-1, max-image-preview:large, max-video-preview:-1\" \/>\n<link rel=\"canonical\" href=\"https:\/\/tourbih.ba\/en\/vlada-federacije-bih-pruzit-ce-punu-podrsku-medjunarodnoj-biciklistickoj-utrci-tour-of-bosnia-and-herzegovina\/\" \/>\n<meta property=\"og:locale\" content=\"en_US\" \/>\n<meta property=\"og:type\" content=\"article\" \/>\n<meta property=\"og:title\" content=\"Vlada Federacije BiH pru\u017eit \u0107e punu podr\u0161ku me\u0111unarodnoj biciklisti\u010dkoj utrci \u201eTour of Bosnia and Herzegovina\u201c\" \/>\n<meta property=\"og:description\" content=\"Delegacija i organizacijski odbor me\u0111unarodne cestovne utrke \u201eTour of Bosnia and Herzegovina\u201c, koju \u010dine tajnik Olimpijskog komiteta BiH\" \/>\n<meta property=\"og:url\" content=\"https:\/\/tourbih.ba\/en\/vlada-federacije-bih-pruzit-ce-punu-podrsku-medjunarodnoj-biciklistickoj-utrci-tour-of-bosnia-and-herzegovina\/\" \/>\n<meta property=\"og:site_name\" content=\"Tour BiH\" \/>\n<meta property=\"article:published_time\" content=\"2026-01-03T11:44:28+00:00\" \/>\n<meta property=\"article:modified_time\" content=\"2026-03-01T09:07:20+00:00\" \/>\n<meta property=\"og:image\" content=\"https:\/\/tourbih.ba\/wp-content\/uploads\/2026\/01\/Vlada-Federacije-Tour-slika-naslovna.jpg\" \/>\n\t<meta property=\"og:image:width\" content=\"1600\" \/>\n\t<meta property=\"og:image:height\" content=\"900\" \/>\n\t<meta property=\"og:image:type\" content=\"image\/jpeg\" \/>\n<meta name=\"author\" content=\"Toni Zori\u0107\" \/>\n<meta name=\"twitter:card\" content=\"summary_large_image\" \/>\n<meta name=\"twitter:label1\" content=\"Written by\" \/>\n\t<meta name=\"twitter:data1\" content=\"Toni Zori\u0107\" \/>\n\t<meta name=\"twitter:label2\" content=\"Est. reading time\" \/>\n\t<meta name=\"twitter:data2\" content=\"3 minutes\" \/>\n<script type=\"application\/ld+json\" class=\"yoast-schema-graph\">{\"@context\":\"https:\\\/\\\/schema.org\",\"@graph\":[{\"@type\":\"Article\",\"@id\":\"https:\\\/\\\/tourbih.ba\\\/vlada-federacije-bih-pruzit-ce-punu-podrsku-medjunarodnoj-biciklistickoj-utrci-tour-of-bosnia-and-herzegovina\\\/#article\",\"isPartOf\":{\"@id\":\"https:\\\/\\\/tourbih.ba\\\/vlada-federacije-bih-pruzit-ce-punu-podrsku-medjunarodnoj-biciklistickoj-utrci-tour-of-bosnia-and-herzegovina\\\/\"},\"author\":{\"name\":\"Toni Zori\u0107\",\"@id\":\"https:\\\/\\\/tourbih.ba\\\/#\\\/schema\\\/person\\\/3ce28fc85cd5bd49e722a414100cb01f\"},\"headline\":\"Vlada Federacije BiH pru\u017eit \u0107e punu podr\u0161ku me\u0111unarodnoj biciklisti\u010dkoj utrci \u201eTour of Bosnia and Herzegovina\u201c\",\"datePublished\":\"2026-01-03T11:44:28+00:00\",\"dateModified\":\"2026-03-01T09:07:20+00:00\",\"mainEntityOfPage\":{\"@id\":\"https:\\\/\\\/tourbih.ba\\\/vlada-federacije-bih-pruzit-ce-punu-podrsku-medjunarodnoj-biciklistickoj-utrci-tour-of-bosnia-and-herzegovina\\\/\"},\"wordCount\":552,\"image\":{\"@id\":\"https:\\\/\\\/tourbih.ba\\\/vlada-federacije-bih-pruzit-ce-punu-podrsku-medjunarodnoj-biciklistickoj-utrci-tour-of-bosnia-and-herzegovina\\\/#primaryimage\"},\"thumbnailUrl\":\"https:\\\/\\\/tourbih.ba\\\/wp-content\\\/uploads\\\/2026\\\/01\\\/Vlada-Federacije-Tour-slika-naslovna.jpg\",\"keywords\":[\"biciklizam\",\"Bosna i Hercegvoina\",\"Kraljevska Etapa\",\"medunarodna biciklisticka utrka Tour BiH\",\"Toni Zoric\",\"Tour BiH\",\"Tour of Bosnia and Herzegovina\",\"tourbih\",\"uci\",\"uci kalendar\"],\"articleSection\":[\"\u010clanak\"],\"inLanguage\":\"en-US\"},{\"@type\":\"WebPage\",\"@id\":\"https:\\\/\\\/tourbih.ba\\\/vlada-federacije-bih-pruzit-ce-punu-podrsku-medjunarodnoj-biciklistickoj-utrci-tour-of-bosnia-and-herzegovina\\\/\",\"url\":\"https:\\\/\\\/tourbih.ba\\\/vlada-federacije-bih-pruzit-ce-punu-podrsku-medjunarodnoj-biciklistickoj-utrci-tour-of-bosnia-and-herzegovina\\\/\",\"name\":\"Vlada Federacije BiH pru\u017eit \u0107e punu podr\u0161ku me\u0111unarodnoj biciklisti\u010dkoj utrci \u201eTour of Bosnia and Herzegovina\u201c - Tour BiH\",\"isPartOf\":{\"@id\":\"https:\\\/\\\/tourbih.ba\\\/#website\"},\"primaryImageOfPage\":{\"@id\":\"https:\\\/\\\/tourbih.ba\\\/vlada-federacije-bih-pruzit-ce-punu-podrsku-medjunarodnoj-biciklistickoj-utrci-tour-of-bosnia-and-herzegovina\\\/#primaryimage\"},\"image\":{\"@id\":\"https:\\\/\\\/tourbih.ba\\\/vlada-federacije-bih-pruzit-ce-punu-podrsku-medjunarodnoj-biciklistickoj-utrci-tour-of-bosnia-and-herzegovina\\\/#primaryimage\"},\"thumbnailUrl\":\"https:\\\/\\\/tourbih.ba\\\/wp-content\\\/uploads\\\/2026\\\/01\\\/Vlada-Federacije-Tour-slika-naslovna.jpg\",\"datePublished\":\"2026-01-03T11:44:28+00:00\",\"dateModified\":\"2026-03-01T09:07:20+00:00\",\"author\":{\"@id\":\"https:\\\/\\\/tourbih.ba\\\/#\\\/schema\\\/person\\\/3ce28fc85cd5bd49e722a414100cb01f\"},\"description\":\"Delegacija i organizacijski odbor me\u0111unarodne cestovne utrke \u201eTour of Bosnia and Herzegovina\u201c, koju \u010dine tajnik Olimpijskog komiteta BiH\",\"breadcrumb\":{\"@id\":\"https:\\\/\\\/tourbih.ba\\\/vlada-federacije-bih-pruzit-ce-punu-podrsku-medjunarodnoj-biciklistickoj-utrci-tour-of-bosnia-and-herzegovina\\\/#breadcrumb\"},\"inLanguage\":\"en-US\",\"potentialAction\":[{\"@type\":\"ReadAction\",\"target\":[\"https:\\\/\\\/tourbih.ba\\\/vlada-federacije-bih-pruzit-ce-punu-podrsku-medjunarodnoj-biciklistickoj-utrci-tour-of-bosnia-and-herzegovina\\\/\"]}]},{\"@type\":\"ImageObject\",\"inLanguage\":\"en-US\",\"@id\":\"https:\\\/\\\/tourbih.ba\\\/vlada-federacije-bih-pruzit-ce-punu-podrsku-medjunarodnoj-biciklistickoj-utrci-tour-of-bosnia-and-herzegovina\\\/#primaryimage\",\"url\":\"https:\\\/\\\/tourbih.ba\\\/wp-content\\\/uploads\\\/2026\\\/01\\\/Vlada-Federacije-Tour-slika-naslovna.jpg\",\"contentUrl\":\"https:\\\/\\\/tourbih.ba\\\/wp-content\\\/uploads\\\/2026\\\/01\\\/Vlada-Federacije-Tour-slika-naslovna.jpg\",\"width\":1600,\"height\":900},{\"@type\":\"BreadcrumbList\",\"@id\":\"https:\\\/\\\/tourbih.ba\\\/vlada-federacije-bih-pruzit-ce-punu-podrsku-medjunarodnoj-biciklistickoj-utrci-tour-of-bosnia-and-herzegovina\\\/#breadcrumb\",\"itemListElement\":[{\"@type\":\"ListItem\",\"position\":1,\"name\":\"Home\",\"item\":\"https:\\\/\\\/tourbih.ba\\\/\"},{\"@type\":\"ListItem\",\"position\":2,\"name\":\"Vlada Federacije BiH pru\u017eit \u0107e punu podr\u0161ku me\u0111unarodnoj biciklisti\u010dkoj utrci \u201eTour of Bosnia and Herzegovina\u201c\"}]},{\"@type\":\"WebSite\",\"@id\":\"https:\\\/\\\/tourbih.ba\\\/#website\",\"url\":\"https:\\\/\\\/tourbih.ba\\\/\",\"name\":\"Tour BiH\",\"description\":\"\",\"potentialAction\":[{\"@type\":\"SearchAction\",\"target\":{\"@type\":\"EntryPoint\",\"urlTemplate\":\"https:\\\/\\\/tourbih.ba\\\/?s={search_term_string}\"},\"query-input\":{\"@type\":\"PropertyValueSpecification\",\"valueRequired\":true,\"valueName\":\"search_term_string\"}}],\"inLanguage\":\"en-US\"},{\"@type\":\"Person\",\"@id\":\"https:\\\/\\\/tourbih.ba\\\/#\\\/schema\\\/person\\\/3ce28fc85cd5bd49e722a414100cb01f\",\"name\":\"Toni Zori\u0107\",\"image\":{\"@type\":\"ImageObject\",\"inLanguage\":\"en-US\",\"@id\":\"https:\\\/\\\/secure.gravatar.com\\\/avatar\\\/63d39a2095b152f5992ddf9dd07b4676b12ce7b3529f846141dc517f7f5b5253?s=96&d=mm&r=g\",\"url\":\"https:\\\/\\\/secure.gravatar.com\\\/avatar\\\/63d39a2095b152f5992ddf9dd07b4676b12ce7b3529f846141dc517f7f5b5253?s=96&d=mm&r=g\",\"contentUrl\":\"https:\\\/\\\/secure.gravatar.com\\\/avatar\\\/63d39a2095b152f5992ddf9dd07b4676b12ce7b3529f846141dc517f7f5b5253?s=96&d=mm&r=g\",\"caption\":\"Toni Zori\u0107\"},\"sameAs\":[\"http:\\\/\\\/https.\\\/\\\/tourbih.ba\"],\"url\":\"https:\\\/\\\/tourbih.ba\\\/en\\\/author\\\/toniz\\\/\"}]}<\/script>\n<!-- \/ Yoast SEO Premium plugin. -->","yoast_head_json":{"title":"Vlada Federacije BiH pru\u017eit \u0107e punu podr\u0161ku me\u0111unarodnoj biciklisti\u010dkoj utrci \u201eTour of Bosnia and Herzegovina\u201c - Tour BiH","description":"Delegacija i organizacijski odbor me\u0111unarodne cestovne utrke \u201eTour of Bosnia and Herzegovina\u201c, koju \u010dine tajnik Olimpijskog komiteta BiH","robots":{"index":"index","follow":"follow","max-snippet":"max-snippet:-1","max-image-preview":"max-image-preview:large","max-video-preview":"max-video-preview:-1"},"canonical":"https:\/\/tourbih.ba\/en\/vlada-federacije-bih-pruzit-ce-punu-podrsku-medjunarodnoj-biciklistickoj-utrci-tour-of-bosnia-and-herzegovina\/","og_locale":"en_US","og_type":"article","og_title":"Vlada Federacije BiH pru\u017eit \u0107e punu podr\u0161ku me\u0111unarodnoj biciklisti\u010dkoj utrci \u201eTour of Bosnia and Herzegovina\u201c","og_description":"Delegacija i organizacijski odbor me\u0111unarodne cestovne utrke \u201eTour of Bosnia and Herzegovina\u201c, koju \u010dine tajnik Olimpijskog komiteta BiH","og_url":"https:\/\/tourbih.ba\/en\/vlada-federacije-bih-pruzit-ce-punu-podrsku-medjunarodnoj-biciklistickoj-utrci-tour-of-bosnia-and-herzegovina\/","og_site_name":"Tour BiH","article_published_time":"2026-01-03T11:44:28+00:00","article_modified_time":"2026-03-01T09:07:20+00:00","og_image":[{"width":1600,"height":900,"url":"https:\/\/tourbih.ba\/wp-content\/uploads\/2026\/01\/Vlada-Federacije-Tour-slika-naslovna.jpg","type":"image\/jpeg"}],"author":"Toni Zori\u0107","twitter_card":"summary_large_image","twitter_misc":{"Written by":"Toni Zori\u0107","Est. reading time":"3 minutes"},"schema":{"@context":"https:\/\/schema.org","@graph":[{"@type":"Article","@id":"https:\/\/tourbih.ba\/vlada-federacije-bih-pruzit-ce-punu-podrsku-medjunarodnoj-biciklistickoj-utrci-tour-of-bosnia-and-herzegovina\/#article","isPartOf":{"@id":"https:\/\/tourbih.ba\/vlada-federacije-bih-pruzit-ce-punu-podrsku-medjunarodnoj-biciklistickoj-utrci-tour-of-bosnia-and-herzegovina\/"},"author":{"name":"Toni Zori\u0107","@id":"https:\/\/tourbih.ba\/#\/schema\/person\/3ce28fc85cd5bd49e722a414100cb01f"},"headline":"Vlada Federacije BiH pru\u017eit \u0107e punu podr\u0161ku me\u0111unarodnoj biciklisti\u010dkoj utrci \u201eTour of Bosnia and Herzegovina\u201c","datePublished":"2026-01-03T11:44:28+00:00","dateModified":"2026-03-01T09:07:20+00:00","mainEntityOfPage":{"@id":"https:\/\/tourbih.ba\/vlada-federacije-bih-pruzit-ce-punu-podrsku-medjunarodnoj-biciklistickoj-utrci-tour-of-bosnia-and-herzegovina\/"},"wordCount":552,"image":{"@id":"https:\/\/tourbih.ba\/vlada-federacije-bih-pruzit-ce-punu-podrsku-medjunarodnoj-biciklistickoj-utrci-tour-of-bosnia-and-herzegovina\/#primaryimage"},"thumbnailUrl":"https:\/\/tourbih.ba\/wp-content\/uploads\/2026\/01\/Vlada-Federacije-Tour-slika-naslovna.jpg","keywords":["biciklizam","Bosna i Hercegvoina","Kraljevska Etapa","medunarodna biciklisticka utrka Tour BiH","Toni Zoric","Tour BiH","Tour of Bosnia and Herzegovina","tourbih","uci","uci kalendar"],"articleSection":["\u010clanak"],"inLanguage":"en-US"},{"@type":"WebPage","@id":"https:\/\/tourbih.ba\/vlada-federacije-bih-pruzit-ce-punu-podrsku-medjunarodnoj-biciklistickoj-utrci-tour-of-bosnia-and-herzegovina\/","url":"https:\/\/tourbih.ba\/vlada-federacije-bih-pruzit-ce-punu-podrsku-medjunarodnoj-biciklistickoj-utrci-tour-of-bosnia-and-herzegovina\/","name":"Vlada Federacije BiH pru\u017eit \u0107e punu podr\u0161ku me\u0111unarodnoj biciklisti\u010dkoj utrci \u201eTour of Bosnia and Herzegovina\u201c - Tour BiH","isPartOf":{"@id":"https:\/\/tourbih.ba\/#website"},"primaryImageOfPage":{"@id":"https:\/\/tourbih.ba\/vlada-federacije-bih-pruzit-ce-punu-podrsku-medjunarodnoj-biciklistickoj-utrci-tour-of-bosnia-and-herzegovina\/#primaryimage"},"image":{"@id":"https:\/\/tourbih.ba\/vlada-federacije-bih-pruzit-ce-punu-podrsku-medjunarodnoj-biciklistickoj-utrci-tour-of-bosnia-and-herzegovina\/#primaryimage"},"thumbnailUrl":"https:\/\/tourbih.ba\/wp-content\/uploads\/2026\/01\/Vlada-Federacije-Tour-slika-naslovna.jpg","datePublished":"2026-01-03T11:44:28+00:00","dateModified":"2026-03-01T09:07:20+00:00","author":{"@id":"https:\/\/tourbih.ba\/#\/schema\/person\/3ce28fc85cd5bd49e722a414100cb01f"},"description":"Delegacija i organizacijski odbor me\u0111unarodne cestovne utrke \u201eTour of Bosnia and Herzegovina\u201c, koju \u010dine tajnik Olimpijskog komiteta BiH","breadcrumb":{"@id":"https:\/\/tourbih.ba\/vlada-federacije-bih-pruzit-ce-punu-podrsku-medjunarodnoj-biciklistickoj-utrci-tour-of-bosnia-and-herzegovina\/#breadcrumb"},"inLanguage":"en-US","potentialAction":[{"@type":"ReadAction","target":["https:\/\/tourbih.ba\/vlada-federacije-bih-pruzit-ce-punu-podrsku-medjunarodnoj-biciklistickoj-utrci-tour-of-bosnia-and-herzegovina\/"]}]},{"@type":"ImageObject","inLanguage":"en-US","@id":"https:\/\/tourbih.ba\/vlada-federacije-bih-pruzit-ce-punu-podrsku-medjunarodnoj-biciklistickoj-utrci-tour-of-bosnia-and-herzegovina\/#primaryimage","url":"https:\/\/tourbih.ba\/wp-content\/uploads\/2026\/01\/Vlada-Federacije-Tour-slika-naslovna.jpg","contentUrl":"https:\/\/tourbih.ba\/wp-content\/uploads\/2026\/01\/Vlada-Federacije-Tour-slika-naslovna.jpg","width":1600,"height":900},{"@type":"BreadcrumbList","@id":"https:\/\/tourbih.ba\/vlada-federacije-bih-pruzit-ce-punu-podrsku-medjunarodnoj-biciklistickoj-utrci-tour-of-bosnia-and-herzegovina\/#breadcrumb","itemListElement":[{"@type":"ListItem","position":1,"name":"Home","item":"https:\/\/tourbih.ba\/"},{"@type":"ListItem","position":2,"name":"Vlada Federacije BiH pru\u017eit \u0107e punu podr\u0161ku me\u0111unarodnoj biciklisti\u010dkoj utrci \u201eTour of Bosnia and Herzegovina\u201c"}]},{"@type":"WebSite","@id":"https:\/\/tourbih.ba\/#website","url":"https:\/\/tourbih.ba\/","name":"Tour BiH","description":"","potentialAction":[{"@type":"SearchAction","target":{"@type":"EntryPoint","urlTemplate":"https:\/\/tourbih.ba\/?s={search_term_string}"},"query-input":{"@type":"PropertyValueSpecification","valueRequired":true,"valueName":"search_term_string"}}],"inLanguage":"en-US"},{"@type":"Person","@id":"https:\/\/tourbih.ba\/#\/schema\/person\/3ce28fc85cd5bd49e722a414100cb01f","name":"Toni Zori\u0107","image":{"@type":"ImageObject","inLanguage":"en-US","@id":"https:\/\/secure.gravatar.com\/avatar\/63d39a2095b152f5992ddf9dd07b4676b12ce7b3529f846141dc517f7f5b5253?s=96&d=mm&r=g","url":"https:\/\/secure.gravatar.com\/avatar\/63d39a2095b152f5992ddf9dd07b4676b12ce7b3529f846141dc517f7f5b5253?s=96&d=mm&r=g","contentUrl":"https:\/\/secure.gravatar.com\/avatar\/63d39a2095b152f5992ddf9dd07b4676b12ce7b3529f846141dc517f7f5b5253?s=96&d=mm&r=g","caption":"Toni Zori\u0107"},"sameAs":["http:\/\/https.\/\/tourbih.ba"],"url":"https:\/\/tourbih.ba\/en\/author\/toniz\/"}]}},"_links":{"self":[{"href":"https:\/\/tourbih.ba\/en\/wp-json\/wp\/v2\/posts\/3242","targetHints":{"allow":["GET"]}}],"collection":[{"href":"https:\/\/tourbih.ba\/en\/wp-json\/wp\/v2\/posts"}],"about":[{"href":"https:\/\/tourbih.ba\/en\/wp-json\/wp\/v2\/types\/post"}],"author":[{"embeddable":true,"href":"https:\/\/tourbih.ba\/en\/wp-json\/wp\/v2\/users\/2"}],"replies":[{"embeddable":true,"href":"https:\/\/tourbih.ba\/en\/wp-json\/wp\/v2\/comments?post=3242"}],"version-history":[{"count":5,"href":"https:\/\/tourbih.ba\/en\/wp-json\/wp\/v2\/posts\/3242\/revisions"}],"predecessor-version":[{"id":3925,"href":"https:\/\/tourbih.ba\/en\/wp-json\/wp\/v2\/posts\/3242\/revisions\/3925"}],"wp:featuredmedia":[{"embeddable":true,"href":"https:\/\/tourbih.ba\/en\/wp-json\/wp\/v2\/media\/3243"}],"wp:attachment":[{"href":"https:\/\/tourbih.ba\/en\/wp-json\/wp\/v2\/media?parent=3242"}],"wp:term":[{"taxonomy":"category","embeddable":true,"href":"https:\/\/tourbih.ba\/en\/wp-json\/wp\/v2\/categories?post=3242"},{"taxonomy":"post_tag","embeddable":true,"href":"https:\/\/tourbih.ba\/en\/wp-json\/wp\/v2\/tags?post=3242"}],"curies":[{"name":"wp","href":"https:\/\/api.w.org\/{rel}","templated":true}]}}