{"id":3237,"date":"2026-01-02T11:42:42","date_gmt":"2026-01-02T11:42:42","guid":{"rendered":"https:\/\/tourbih.ba\/?p=3237"},"modified":"2026-03-01T09:07:21","modified_gmt":"2026-03-01T09:07:21","slug":"tour-of-bosnia-and-herzegovina-sluzbeno-u-uci-kalendaru","status":"publish","type":"post","link":"https:\/\/tourbih.ba\/en\/tour-of-bosnia-and-herzegovina-sluzbeno-u-uci-kalendaru\/","title":{"rendered":"Tour of Bosnia and Herzegovina slu\u017ebeno u UCI kalendaru!"},"content":{"rendered":"<p class=\"has-text-align-center\"><strong>Bosna i Hercegovina je organizator me\u0111unarodne cestovne utrke pod okriljem<br>Svjetske biciklisti\u010dke federacije (UCI)<\/strong><\/p>\n\n\n\n<p>Velika vijest za bosanskohercegova\u010dki sport i biciklizam! Utrka \u201cTour of Bosnia and Herzegovina\u201d slu\u017ebeno je uvr\u0161tena u UCI me\u0111unarodni kalendar cestovnih utrka za 2026. godinu. Odluka je to koju je donio UCI Management Committee, a prema slu\u017ebenoj potvrdi iz sjedi\u0161ta Svjetske biciklisti\u010dke federacije, utrka \u0107e se odr\u017eati od 17. do 19. travnja 2026. godine, u kategoriji Class 2 \u2013 Men Elite.<\/p>\n\n\n\n<p>Ova vijest ozna\u010dava povijesni trenutak za biciklizam u Bosni i Hercegovini, jer je prvi put na\u0161a zemlja organizator je vlastitog Toura koji je pod okriljem UCI-ja. Time Bosna i Hercegovina staje uz bok europskim zemljama s dugogodi\u0161njom tradicijom profesionalnog biciklizma.<\/p>\n\n\n\n<p><strong>Utrka koja spaja sport, turizam i promociju zemlje<\/strong><\/p>\n\n\n\n<p>Organizatori isti\u010du kako je uvr\u0161tavanje utrke u slu\u017ebeni UCI kalendar ogromno priznanje i potvrda kvalitete projekta koji se razvijao posljednjih godina. \u201cTour of Bosnia and Herzegovina bit \u0107e doga\u0111aj koji \u0107e u najboljem svjetlu predstaviti sportske i turisti\u010dke potencijale na\u0161e zemlje. Na\u0161 cilj je pokazati da Bosna i Hercegovina mo\u017ee organizirati vrhunski sportski doga\u0111aj na me\u0111unarodnoj razini\u201d, poru\u010duju iz organizacijskog odbora.<\/p>\n\n\n\n<p>Kroz tri etape u 2026. godini, utrka \u0107e poslati najljep\u0161u sliku Bosne i Hercegovine kao atraktivne turisti\u010dke destinacije, predstavljaju\u0107i raznolikost krajolika, kulture i tradicije. Ve\u0107 sada gradovi iz razli\u010ditih dijelova zemlje iskazuju interes da budu doma\u0107ini etapa u 2027. godini, \u0161to pokazuje da \u0107e utrka nastaviti rasti i otkrivati nove destinacije i ljepote Bosne i Hercegovine u godinama koje dolaze.<\/p>\n\n\n\n<p><strong>Interes iz cijelog svijeta<\/strong><\/p>\n\n\n\n<p>Ve\u0107 ranije smo pisali kako je svoj interes za sudjelovanje u utrci iskazalo 28 zemalja svijeta, a uvr\u0161tavanjem u UCI kalendar otvara se mogu\u0107nost slu\u017ebenog slanja pozivnica profesionalnim timovima. O\u010dekuje se da \u0107e do travnja 2026. u Bosnu i Hercegovinu sti\u0107i vi\u0161e od 30 zemalja i nekoliko desetaka profesionalnih ekipa, \u0161to \u0107e dodatno doprinijeti me\u0111unarodnoj promociji zemlje i potaknuti razvoj sportskog turizma.<\/p>\n\n\n\n<p><strong>Novi iskorak za bosanskohercegova\u010dki biciklizam<\/strong><\/p>\n\n\n\n<p>Uvr\u0161tavanje utrke u UCI kalendar rezultat je dugogodi\u0161njeg rada i zalaganja Biciklisti\u010dkog saveza Bosne i Hercegovine i organizatora, uz podr\u0161ku partnera i institucija. Time je napravljen ogroman iskorak u razvoju profesionalnog biciklizma u na\u0161oj zemlji i otvoren put ka novim prilikama za doma\u0107e sporta\u0161e i organizatore.<\/p>\n\n\n\n<p>\u201cOvo je vi\u0161e od utrke \u2013 ovo je promocija Bosne i Hercegovine, njene prirode, kulture i ljudi. Vjerujemo da \u0107emo biti doma\u0107ini koji \u0107e ostaviti sna\u017ean dojam na svjetsku biciklisti\u010dku zajednicu\u201d, poru\u010duju organizatori.<\/p>\n\n\n\n<p><strong>Pogled u budu\u0107nost<\/strong><\/p>\n\n\n\n<p>Kako se navodi u najavi UCI-ja, slu\u017ebeni UCI Road International Calendar za 2026. godinu bit \u0107e objavljen 6. listopada, a Bosna i Hercegovina \u0107e se po prvi put na\u0107i me\u0111u zemljama doma\u0107inima svjetskih biciklisti\u010dkih utrka.<\/p>\n\n\n\n<p>Tour of Bosnia and Herzegovina 2026. donosi novu energiju i perspektivu \u2013 utrku koja \u0107e povezati gradove, regije i ljude kroz sport, te pokazati da Bosna i Hercegovina ima potencijal biti doma\u0107in doga\u0111aja najvi\u0161eg ranga.<\/p>","protected":false},"excerpt":{"rendered":"<p>Bosna i Hercegovina je organizator me\u0111unarodne cestovne utrke pod okriljemSvjetske biciklisti\u010dke federacije (UCI) Velika vijest za bosanskohercegova\u010dki sport i biciklizam! Utrka \u201cTour of Bosnia and Herzegovina\u201d slu\u017ebeno je uvr\u0161tena u UCI me\u0111unarodni kalendar cestovnih utrka za 2026. godinu. Odluka je to koju je donio UCI Management Committee, a prema slu\u017ebenoj potvrdi iz sjedi\u0161ta Svjetske biciklisti\u010dke [&hellip;]<\/p>\n","protected":false},"author":2,"featured_media":3238,"comment_status":"closed","ping_status":"closed","sticky":false,"template":"","format":"standard","meta":{"footnotes":""},"categories":[57],"tags":[65,63,62,67,66,61,64,60,68,69],"class_list":["post-3237","post","type-post","status-publish","format-standard","has-post-thumbnail","hentry","category-clanak","tag-biciklizam","tag-bosna-i-hercegvoina","tag-kraljevska-etapa","tag-medunarodna-biciklisticka-utrka-tour-bih","tag-toni-zoric","tag-tour-bih","tag-tour-of-bosnia-and-herzegovina","tag-tourbih","tag-uci","tag-uci-kalendar"],"yoast_head":"<!-- This site is optimized with the Yoast SEO Premium plugin v26.7 (Yoast SEO v27.5) - https:\/\/yoast.com\/product\/yoast-seo-premium-wordpress\/ -->\n<title>Tour of Bosnia and Herzegovina slu\u017ebeno u UCI kalendaru! - Tour BiH<\/title>\n<meta name=\"description\" content=\"Velika vijest za bosanskohercegova\u010dki sport i biciklizam! Utrka \u201cTour of Bosnia and Herzegovina\u201d slu\u017ebeno je uvr\u0161tena u UCI me\u0111unarodni ...\" \/>\n<meta name=\"robots\" content=\"index, follow, max-snippet:-1, max-image-preview:large, max-video-preview:-1\" \/>\n<link rel=\"canonical\" href=\"https:\/\/tourbih.ba\/en\/tour-of-bosnia-and-herzegovina-sluzbeno-u-uci-kalendaru\/\" \/>\n<meta property=\"og:locale\" content=\"en_US\" \/>\n<meta property=\"og:type\" content=\"article\" \/>\n<meta property=\"og:title\" content=\"Tour of Bosnia and Herzegovina slu\u017ebeno u UCI kalendaru!\" \/>\n<meta property=\"og:description\" content=\"Velika vijest za bosanskohercegova\u010dki sport i biciklizam! Utrka \u201cTour of Bosnia and Herzegovina\u201d slu\u017ebeno je uvr\u0161tena u UCI me\u0111unarodni ...\" \/>\n<meta property=\"og:url\" content=\"https:\/\/tourbih.ba\/en\/tour-of-bosnia-and-herzegovina-sluzbeno-u-uci-kalendaru\/\" \/>\n<meta property=\"og:site_name\" content=\"Tour BiH\" \/>\n<meta property=\"article:published_time\" content=\"2026-01-02T11:42:42+00:00\" \/>\n<meta property=\"article:modified_time\" content=\"2026-03-01T09:07:21+00:00\" \/>\n<meta property=\"og:image\" content=\"https:\/\/tourbih.ba\/wp-content\/uploads\/2026\/01\/UCI-kalendar-BiH-slika-4.jpg\" \/>\n\t<meta property=\"og:image:width\" content=\"1200\" \/>\n\t<meta property=\"og:image:height\" content=\"800\" \/>\n\t<meta property=\"og:image:type\" content=\"image\/jpeg\" \/>\n<meta name=\"author\" content=\"Toni Zori\u0107\" \/>\n<meta name=\"twitter:card\" content=\"summary_large_image\" \/>\n<meta name=\"twitter:label1\" content=\"Written by\" \/>\n\t<meta name=\"twitter:data1\" content=\"Toni Zori\u0107\" \/>\n\t<meta name=\"twitter:label2\" content=\"Est. reading time\" \/>\n\t<meta name=\"twitter:data2\" content=\"3 minutes\" \/>\n<script type=\"application\/ld+json\" class=\"yoast-schema-graph\">{\"@context\":\"https:\\\/\\\/schema.org\",\"@graph\":[{\"@type\":\"Article\",\"@id\":\"https:\\\/\\\/tourbih.ba\\\/tour-of-bosnia-and-herzegovina-sluzbeno-u-uci-kalendaru\\\/#article\",\"isPartOf\":{\"@id\":\"https:\\\/\\\/tourbih.ba\\\/tour-of-bosnia-and-herzegovina-sluzbeno-u-uci-kalendaru\\\/\"},\"author\":{\"name\":\"Toni Zori\u0107\",\"@id\":\"https:\\\/\\\/tourbih.ba\\\/#\\\/schema\\\/person\\\/3ce28fc85cd5bd49e722a414100cb01f\"},\"headline\":\"Tour of Bosnia and Herzegovina slu\u017ebeno u UCI kalendaru!\",\"datePublished\":\"2026-01-02T11:42:42+00:00\",\"dateModified\":\"2026-03-01T09:07:21+00:00\",\"mainEntityOfPage\":{\"@id\":\"https:\\\/\\\/tourbih.ba\\\/tour-of-bosnia-and-herzegovina-sluzbeno-u-uci-kalendaru\\\/\"},\"wordCount\":517,\"image\":{\"@id\":\"https:\\\/\\\/tourbih.ba\\\/tour-of-bosnia-and-herzegovina-sluzbeno-u-uci-kalendaru\\\/#primaryimage\"},\"thumbnailUrl\":\"https:\\\/\\\/tourbih.ba\\\/wp-content\\\/uploads\\\/2026\\\/01\\\/UCI-kalendar-BiH-slika-4.jpg\",\"keywords\":[\"biciklizam\",\"Bosna i Hercegvoina\",\"Kraljevska Etapa\",\"medunarodna biciklisticka utrka Tour BiH\",\"Toni Zoric\",\"Tour BiH\",\"Tour of Bosnia and Herzegovina\",\"tourbih\",\"uci\",\"uci kalendar\"],\"articleSection\":[\"\u010clanak\"],\"inLanguage\":\"en-US\"},{\"@type\":\"WebPage\",\"@id\":\"https:\\\/\\\/tourbih.ba\\\/tour-of-bosnia-and-herzegovina-sluzbeno-u-uci-kalendaru\\\/\",\"url\":\"https:\\\/\\\/tourbih.ba\\\/tour-of-bosnia-and-herzegovina-sluzbeno-u-uci-kalendaru\\\/\",\"name\":\"Tour of Bosnia and Herzegovina slu\u017ebeno u UCI kalendaru! - Tour BiH\",\"isPartOf\":{\"@id\":\"https:\\\/\\\/tourbih.ba\\\/#website\"},\"primaryImageOfPage\":{\"@id\":\"https:\\\/\\\/tourbih.ba\\\/tour-of-bosnia-and-herzegovina-sluzbeno-u-uci-kalendaru\\\/#primaryimage\"},\"image\":{\"@id\":\"https:\\\/\\\/tourbih.ba\\\/tour-of-bosnia-and-herzegovina-sluzbeno-u-uci-kalendaru\\\/#primaryimage\"},\"thumbnailUrl\":\"https:\\\/\\\/tourbih.ba\\\/wp-content\\\/uploads\\\/2026\\\/01\\\/UCI-kalendar-BiH-slika-4.jpg\",\"datePublished\":\"2026-01-02T11:42:42+00:00\",\"dateModified\":\"2026-03-01T09:07:21+00:00\",\"author\":{\"@id\":\"https:\\\/\\\/tourbih.ba\\\/#\\\/schema\\\/person\\\/3ce28fc85cd5bd49e722a414100cb01f\"},\"description\":\"Velika vijest za bosanskohercegova\u010dki sport i biciklizam! Utrka \u201cTour of Bosnia and Herzegovina\u201d slu\u017ebeno je uvr\u0161tena u UCI me\u0111unarodni ...\",\"breadcrumb\":{\"@id\":\"https:\\\/\\\/tourbih.ba\\\/tour-of-bosnia-and-herzegovina-sluzbeno-u-uci-kalendaru\\\/#breadcrumb\"},\"inLanguage\":\"en-US\",\"potentialAction\":[{\"@type\":\"ReadAction\",\"target\":[\"https:\\\/\\\/tourbih.ba\\\/tour-of-bosnia-and-herzegovina-sluzbeno-u-uci-kalendaru\\\/\"]}]},{\"@type\":\"ImageObject\",\"inLanguage\":\"en-US\",\"@id\":\"https:\\\/\\\/tourbih.ba\\\/tour-of-bosnia-and-herzegovina-sluzbeno-u-uci-kalendaru\\\/#primaryimage\",\"url\":\"https:\\\/\\\/tourbih.ba\\\/wp-content\\\/uploads\\\/2026\\\/01\\\/UCI-kalendar-BiH-slika-4.jpg\",\"contentUrl\":\"https:\\\/\\\/tourbih.ba\\\/wp-content\\\/uploads\\\/2026\\\/01\\\/UCI-kalendar-BiH-slika-4.jpg\",\"width\":1200,\"height\":800},{\"@type\":\"BreadcrumbList\",\"@id\":\"https:\\\/\\\/tourbih.ba\\\/tour-of-bosnia-and-herzegovina-sluzbeno-u-uci-kalendaru\\\/#breadcrumb\",\"itemListElement\":[{\"@type\":\"ListItem\",\"position\":1,\"name\":\"Home\",\"item\":\"https:\\\/\\\/tourbih.ba\\\/\"},{\"@type\":\"ListItem\",\"position\":2,\"name\":\"Tour of Bosnia and Herzegovina slu\u017ebeno u UCI kalendaru!\"}]},{\"@type\":\"WebSite\",\"@id\":\"https:\\\/\\\/tourbih.ba\\\/#website\",\"url\":\"https:\\\/\\\/tourbih.ba\\\/\",\"name\":\"Tour BiH\",\"description\":\"\",\"potentialAction\":[{\"@type\":\"SearchAction\",\"target\":{\"@type\":\"EntryPoint\",\"urlTemplate\":\"https:\\\/\\\/tourbih.ba\\\/?s={search_term_string}\"},\"query-input\":{\"@type\":\"PropertyValueSpecification\",\"valueRequired\":true,\"valueName\":\"search_term_string\"}}],\"inLanguage\":\"en-US\"},{\"@type\":\"Person\",\"@id\":\"https:\\\/\\\/tourbih.ba\\\/#\\\/schema\\\/person\\\/3ce28fc85cd5bd49e722a414100cb01f\",\"name\":\"Toni Zori\u0107\",\"image\":{\"@type\":\"ImageObject\",\"inLanguage\":\"en-US\",\"@id\":\"https:\\\/\\\/secure.gravatar.com\\\/avatar\\\/63d39a2095b152f5992ddf9dd07b4676b12ce7b3529f846141dc517f7f5b5253?s=96&d=mm&r=g\",\"url\":\"https:\\\/\\\/secure.gravatar.com\\\/avatar\\\/63d39a2095b152f5992ddf9dd07b4676b12ce7b3529f846141dc517f7f5b5253?s=96&d=mm&r=g\",\"contentUrl\":\"https:\\\/\\\/secure.gravatar.com\\\/avatar\\\/63d39a2095b152f5992ddf9dd07b4676b12ce7b3529f846141dc517f7f5b5253?s=96&d=mm&r=g\",\"caption\":\"Toni Zori\u0107\"},\"sameAs\":[\"http:\\\/\\\/https.\\\/\\\/tourbih.ba\"],\"url\":\"https:\\\/\\\/tourbih.ba\\\/en\\\/author\\\/toniz\\\/\"}]}<\/script>\n<!-- \/ Yoast SEO Premium plugin. -->","yoast_head_json":{"title":"Tour of Bosnia and Herzegovina slu\u017ebeno u UCI kalendaru! - Tour BiH","description":"Velika vijest za bosanskohercegova\u010dki sport i biciklizam! Utrka \u201cTour of Bosnia and Herzegovina\u201d slu\u017ebeno je uvr\u0161tena u UCI me\u0111unarodni ...","robots":{"index":"index","follow":"follow","max-snippet":"max-snippet:-1","max-image-preview":"max-image-preview:large","max-video-preview":"max-video-preview:-1"},"canonical":"https:\/\/tourbih.ba\/en\/tour-of-bosnia-and-herzegovina-sluzbeno-u-uci-kalendaru\/","og_locale":"en_US","og_type":"article","og_title":"Tour of Bosnia and Herzegovina slu\u017ebeno u UCI kalendaru!","og_description":"Velika vijest za bosanskohercegova\u010dki sport i biciklizam! Utrka \u201cTour of Bosnia and Herzegovina\u201d slu\u017ebeno je uvr\u0161tena u UCI me\u0111unarodni ...","og_url":"https:\/\/tourbih.ba\/en\/tour-of-bosnia-and-herzegovina-sluzbeno-u-uci-kalendaru\/","og_site_name":"Tour BiH","article_published_time":"2026-01-02T11:42:42+00:00","article_modified_time":"2026-03-01T09:07:21+00:00","og_image":[{"width":1200,"height":800,"url":"https:\/\/tourbih.ba\/wp-content\/uploads\/2026\/01\/UCI-kalendar-BiH-slika-4.jpg","type":"image\/jpeg"}],"author":"Toni Zori\u0107","twitter_card":"summary_large_image","twitter_misc":{"Written by":"Toni Zori\u0107","Est. reading time":"3 minutes"},"schema":{"@context":"https:\/\/schema.org","@graph":[{"@type":"Article","@id":"https:\/\/tourbih.ba\/tour-of-bosnia-and-herzegovina-sluzbeno-u-uci-kalendaru\/#article","isPartOf":{"@id":"https:\/\/tourbih.ba\/tour-of-bosnia-and-herzegovina-sluzbeno-u-uci-kalendaru\/"},"author":{"name":"Toni Zori\u0107","@id":"https:\/\/tourbih.ba\/#\/schema\/person\/3ce28fc85cd5bd49e722a414100cb01f"},"headline":"Tour of Bosnia and Herzegovina slu\u017ebeno u UCI kalendaru!","datePublished":"2026-01-02T11:42:42+00:00","dateModified":"2026-03-01T09:07:21+00:00","mainEntityOfPage":{"@id":"https:\/\/tourbih.ba\/tour-of-bosnia-and-herzegovina-sluzbeno-u-uci-kalendaru\/"},"wordCount":517,"image":{"@id":"https:\/\/tourbih.ba\/tour-of-bosnia-and-herzegovina-sluzbeno-u-uci-kalendaru\/#primaryimage"},"thumbnailUrl":"https:\/\/tourbih.ba\/wp-content\/uploads\/2026\/01\/UCI-kalendar-BiH-slika-4.jpg","keywords":["biciklizam","Bosna i Hercegvoina","Kraljevska Etapa","medunarodna biciklisticka utrka Tour BiH","Toni Zoric","Tour BiH","Tour of Bosnia and Herzegovina","tourbih","uci","uci kalendar"],"articleSection":["\u010clanak"],"inLanguage":"en-US"},{"@type":"WebPage","@id":"https:\/\/tourbih.ba\/tour-of-bosnia-and-herzegovina-sluzbeno-u-uci-kalendaru\/","url":"https:\/\/tourbih.ba\/tour-of-bosnia-and-herzegovina-sluzbeno-u-uci-kalendaru\/","name":"Tour of Bosnia and Herzegovina slu\u017ebeno u UCI kalendaru! - Tour BiH","isPartOf":{"@id":"https:\/\/tourbih.ba\/#website"},"primaryImageOfPage":{"@id":"https:\/\/tourbih.ba\/tour-of-bosnia-and-herzegovina-sluzbeno-u-uci-kalendaru\/#primaryimage"},"image":{"@id":"https:\/\/tourbih.ba\/tour-of-bosnia-and-herzegovina-sluzbeno-u-uci-kalendaru\/#primaryimage"},"thumbnailUrl":"https:\/\/tourbih.ba\/wp-content\/uploads\/2026\/01\/UCI-kalendar-BiH-slika-4.jpg","datePublished":"2026-01-02T11:42:42+00:00","dateModified":"2026-03-01T09:07:21+00:00","author":{"@id":"https:\/\/tourbih.ba\/#\/schema\/person\/3ce28fc85cd5bd49e722a414100cb01f"},"description":"Velika vijest za bosanskohercegova\u010dki sport i biciklizam! Utrka \u201cTour of Bosnia and Herzegovina\u201d slu\u017ebeno je uvr\u0161tena u UCI me\u0111unarodni ...","breadcrumb":{"@id":"https:\/\/tourbih.ba\/tour-of-bosnia-and-herzegovina-sluzbeno-u-uci-kalendaru\/#breadcrumb"},"inLanguage":"en-US","potentialAction":[{"@type":"ReadAction","target":["https:\/\/tourbih.ba\/tour-of-bosnia-and-herzegovina-sluzbeno-u-uci-kalendaru\/"]}]},{"@type":"ImageObject","inLanguage":"en-US","@id":"https:\/\/tourbih.ba\/tour-of-bosnia-and-herzegovina-sluzbeno-u-uci-kalendaru\/#primaryimage","url":"https:\/\/tourbih.ba\/wp-content\/uploads\/2026\/01\/UCI-kalendar-BiH-slika-4.jpg","contentUrl":"https:\/\/tourbih.ba\/wp-content\/uploads\/2026\/01\/UCI-kalendar-BiH-slika-4.jpg","width":1200,"height":800},{"@type":"BreadcrumbList","@id":"https:\/\/tourbih.ba\/tour-of-bosnia-and-herzegovina-sluzbeno-u-uci-kalendaru\/#breadcrumb","itemListElement":[{"@type":"ListItem","position":1,"name":"Home","item":"https:\/\/tourbih.ba\/"},{"@type":"ListItem","position":2,"name":"Tour of Bosnia and Herzegovina slu\u017ebeno u UCI kalendaru!"}]},{"@type":"WebSite","@id":"https:\/\/tourbih.ba\/#website","url":"https:\/\/tourbih.ba\/","name":"Tour BiH","description":"","potentialAction":[{"@type":"SearchAction","target":{"@type":"EntryPoint","urlTemplate":"https:\/\/tourbih.ba\/?s={search_term_string}"},"query-input":{"@type":"PropertyValueSpecification","valueRequired":true,"valueName":"search_term_string"}}],"inLanguage":"en-US"},{"@type":"Person","@id":"https:\/\/tourbih.ba\/#\/schema\/person\/3ce28fc85cd5bd49e722a414100cb01f","name":"Toni Zori\u0107","image":{"@type":"ImageObject","inLanguage":"en-US","@id":"https:\/\/secure.gravatar.com\/avatar\/63d39a2095b152f5992ddf9dd07b4676b12ce7b3529f846141dc517f7f5b5253?s=96&d=mm&r=g","url":"https:\/\/secure.gravatar.com\/avatar\/63d39a2095b152f5992ddf9dd07b4676b12ce7b3529f846141dc517f7f5b5253?s=96&d=mm&r=g","contentUrl":"https:\/\/secure.gravatar.com\/avatar\/63d39a2095b152f5992ddf9dd07b4676b12ce7b3529f846141dc517f7f5b5253?s=96&d=mm&r=g","caption":"Toni Zori\u0107"},"sameAs":["http:\/\/https.\/\/tourbih.ba"],"url":"https:\/\/tourbih.ba\/en\/author\/toniz\/"}]}},"_links":{"self":[{"href":"https:\/\/tourbih.ba\/en\/wp-json\/wp\/v2\/posts\/3237","targetHints":{"allow":["GET"]}}],"collection":[{"href":"https:\/\/tourbih.ba\/en\/wp-json\/wp\/v2\/posts"}],"about":[{"href":"https:\/\/tourbih.ba\/en\/wp-json\/wp\/v2\/types\/post"}],"author":[{"embeddable":true,"href":"https:\/\/tourbih.ba\/en\/wp-json\/wp\/v2\/users\/2"}],"replies":[{"embeddable":true,"href":"https:\/\/tourbih.ba\/en\/wp-json\/wp\/v2\/comments?post=3237"}],"version-history":[{"count":5,"href":"https:\/\/tourbih.ba\/en\/wp-json\/wp\/v2\/posts\/3237\/revisions"}],"predecessor-version":[{"id":3926,"href":"https:\/\/tourbih.ba\/en\/wp-json\/wp\/v2\/posts\/3237\/revisions\/3926"}],"wp:featuredmedia":[{"embeddable":true,"href":"https:\/\/tourbih.ba\/en\/wp-json\/wp\/v2\/media\/3238"}],"wp:attachment":[{"href":"https:\/\/tourbih.ba\/en\/wp-json\/wp\/v2\/media?parent=3237"}],"wp:term":[{"taxonomy":"category","embeddable":true,"href":"https:\/\/tourbih.ba\/en\/wp-json\/wp\/v2\/categories?post=3237"},{"taxonomy":"post_tag","embeddable":true,"href":"https:\/\/tourbih.ba\/en\/wp-json\/wp\/v2\/tags?post=3237"}],"curies":[{"name":"wp","href":"https:\/\/api.w.org\/{rel}","templated":true}]}}