{"id":3227,"date":"2026-01-02T11:38:17","date_gmt":"2026-01-02T11:38:17","guid":{"rendered":"https:\/\/tourbih.ba\/?p=3227"},"modified":"2026-03-01T09:07:23","modified_gmt":"2026-03-01T09:07:23","slug":"tour-of-bosnia-and-herzegovina-2026-podrska-ministrice-dubravke-bosnjak","status":"publish","type":"post","link":"https:\/\/tourbih.ba\/en\/tour-of-bosnia-and-herzegovina-2026-podrska-ministrice-dubravke-bosnjak\/","title":{"rendered":"Tour of Bosnia and Herzegovina 2026: Podr\u0161ka ministrice Dubravke Bo\u0161njak"},"content":{"rendered":"<p class=\"has-text-align-center\"><strong>Utrka koja \u0107e svijetu pokazati pravo lice BiH<\/strong><\/p>\n\n\n\n<p>Sarajevo, 23. rujna 2025. \u2013 Ministrica civilnih poslova Bosne i Hercegovine Dubravka Bo\u0161njak odr\u017eala je u Sarajevu sastanak s predstavnicima Biciklisti\u010dkog saveza BiH i Olimpijskog odbora BiH povodom priprema za odr\u017eavanje me\u0111unarodne biciklisti\u010dke utrke \u201eTour of Bosnia and Herzegovina 2026\u201c.<\/p>\n\n\n\n<p>Delegaciju su predvodili direktor utrke i predsjednik Biciklisti\u010dkog saveza BiH Toni Zori\u0107, projekt menad\u017eer Branislav Stojki\u0107, predsjednik Olimpijskog odbora BiH Izet Ra\u0111o i generalni tajnik OO BiH Said Fazlagi\u0107.<\/p>\n\n\n\n<p><strong>Sportski spektakl i turisti\u010dki magnet<\/strong><\/p>\n\n\n\n<p>Organizatori su predstavili koncept utrke te istaknuli da Tour of Bosnia and Herzegovina ve\u0107 sada privla\u010di veliki me\u0111unarodni interes. Do ovog trenutka zaprimljene su prijave iz \u010dak 28 zemalja svijeta, uklju\u010duju\u0107i gotovo sve europske dr\u017eave, ali i udaljene destinacije poput Australije i Velike Britanije. Prema najavama, u BiH \u0107e 2026. godine sti\u0107i vrhunski profesionalni sporta\u0161i iz preko 20 timova, \u0161to utrku svrstava me\u0111u doga\u0111aje od iznimne va\u017enosti za sport, turizam i promociju zemlje.<\/p>\n\n\n\n<p>Ovaj presti\u017eni sportski doga\u0111aj planiran je za drugu polovinu travnja 2026. godine, a utrka \u0107e se voziti u tri etape, od Sarajeva do Jadranskog mora, kroz Konjic, Jablanicu, Mostar, Ljubu\u0161ki, \u010capljinu, Grude i Stolac \u2013 rutu koja povezuje planine, jezera, povijesne gradove i mediteranski jug. Na utrci se o\u010dekuje sudjelovanje vi\u0161e od 28 nacionalnih i me\u0111unarodnih timova iz cijele Europe.<\/p>\n\n\n\n<p><strong>Podr\u0161ka Ministarstva civilnih poslova BiH<\/strong><\/p>\n\n\n\n<p>Ministrica Dubravka Bo\u0161njak izrazila je zadovoljstvo vi\u0111enim te naglasila kako je svjesna zna\u010daja ovakvog projekta za Bosnu i Hercegovinu:<\/p>\n\n\n\n<p>\u201cDanas smo dobili potvrdu da Bosna i Hercegovina ima snagu organizirati doga\u0111aj koji mo\u017ee privu\u0107i pa\u017enju cijelog svijeta i pozicionirati Bosnu i Hercegovinu na me\u0111unarodnoj sportskoj i turisti\u010dkoj karti. &nbsp;\u201eTour of Bosnia and Herzegovina 2026\u201c nije samo sportska manifestacija, to je pokretna razglednica zemlje. Snimke biciklista koji prolaze kroz planine, kanjon Neretve, mostarske mostove, vinograde Hercegovine i obale Jadrana, ostavit \u0107e trajni vizualni pe\u010dat. Organizatori su pokazali ozbiljnost i visoku razina profesionalizma, \u0161to zaslu\u017euje svaku pohvalu. Uvjereni smo da \u0107e ovaj projekt donijeti dugoro\u010dne koristi, a Ministarstvo \u0107e biti sna\u017ean partner u realizaciji.<\/p>\n\n\n\n<p><strong>Olimpijski odbor uz organizatore<\/strong><\/p>\n\n\n\n<p>Predsjednik Olimpijskog odbora BiH, Izet Ra\u0111o, tako\u0111er je naglasio va\u017enost utrke:<\/p>\n\n\n\n<p>\u201cTour of Bosnia and Herzegovina\u201c predstavlja projekt od ogromnog zna\u010daja za sport u na\u0161oj zemlji. Dovesti sporta\u0161e iz vi\u0161e od 28 zemalja nije samo sportski, ve\u0107 i nacionalni uspjeh. Ova utrka mo\u017ee postati prepoznatljiv brend BiH u svijetu.\u201d<\/p>\n\n\n\n<p>Projekt menad\u017eer, Branislav Stojki\u0107 je upoznao ministricu Bo\u0161njak s organizacijskim izazovima koje ovakav doga\u0111aj nosi, od logistike i infrastrukture do sigurnosnih i tehni\u010dkih zahtjeva. \u201e Posebno bih istaknuo va\u017enost medijske dimenzije utrke. Pregovaramo o me\u0111unarodnom TV prijenosu koji \u0107e osigurati da slike iz Sarajeva, Mostara, Hercegovine i Neuma obi\u0111u cijeli svijet. Time utrka postaje vi\u0161e od sportskog doga\u0111aja, ona postaje platforma za globalnu promociju Bosne i Hercegovine. Uz podr\u0161ku Ministarstva civilnih poslova i svih partnera, uvjereni smo da \u0107emo organizirati utrku na najvi\u0161oj me\u0111unarodnoj razini.\u201c kazao je Stojki\u0107.<\/p>\n\n\n\n<p><strong>Promocija na svjetskoj razini<\/strong><\/p>\n\n\n\n<p>Posebno je va\u017eno istaknuti da Toni Zori\u0107, predsjednik Biciklisti\u010dkog saveza BiH, ve\u0107 sutra putuje u Kigali (Ruanda) na Svjetsko prvenstvo u cestovnom biciklizmu i kongres Me\u0111unarodne biciklisti\u010dke unije (UCI) gdje \u0107e odr\u017eati niz bilateralnih sastanaka s ciljem dodatne promocije utrke i privla\u010denja novih timova.<\/p>\n\n\n\n<p><strong>Povijesna prilika za Bosnu i Hercegovinu<\/strong><\/p>\n\n\n\n<p>Tour of Bosnia and Herzegovina 2026 nije samo sportska manifestacija \u2013 to je projekt koji spaja sport, turizam i promociju kulturne ba\u0161tine. &nbsp;Gradovi doma\u0107ini Sarajevo, Mostar, Ljubu\u0161ki i Neum, uz prolazne ciljeve u Konjicu, Jablanici, \u010capljini, Grudama i Stocu, dobit \u0107e priliku da budu dio povijesnog doga\u0111aja.<\/p>\n\n\n\n<p>Ova utrka ve\u0107 sada obe\u0107ava da \u0107e biti svojevrsna razglednica Bosne i Hercegovine poslana svijetu kroz kadrove vrhunskog biciklizma, bogate prirode, kulturne ba\u0161tine i gostoljubivosti ljudi.<\/p>","protected":false},"excerpt":{"rendered":"<p>Utrka koja \u0107e svijetu pokazati pravo lice BiH Sarajevo, 23. rujna 2025. \u2013 Ministrica civilnih poslova Bosne i Hercegovine Dubravka Bo\u0161njak odr\u017eala je u Sarajevu sastanak s predstavnicima Biciklisti\u010dkog saveza BiH i Olimpijskog odbora BiH povodom priprema za odr\u017eavanje me\u0111unarodne biciklisti\u010dke utrke \u201eTour of Bosnia and Herzegovina 2026\u201c. Delegaciju su predvodili direktor utrke i predsjednik [&hellip;]<\/p>\n","protected":false},"author":2,"featured_media":3228,"comment_status":"closed","ping_status":"closed","sticky":false,"template":"","format":"standard","meta":{"footnotes":""},"categories":[57],"tags":[65,63,62,67,66,61,64,60,68,69],"class_list":["post-3227","post","type-post","status-publish","format-standard","has-post-thumbnail","hentry","category-clanak","tag-biciklizam","tag-bosna-i-hercegvoina","tag-kraljevska-etapa","tag-medunarodna-biciklisticka-utrka-tour-bih","tag-toni-zoric","tag-tour-bih","tag-tour-of-bosnia-and-herzegovina","tag-tourbih","tag-uci","tag-uci-kalendar"],"yoast_head":"<!-- This site is optimized with the Yoast SEO Premium plugin v26.7 (Yoast SEO v27.5) - https:\/\/yoast.com\/product\/yoast-seo-premium-wordpress\/ -->\n<title>Tour of Bosnia and Herzegovina 2026: Podr\u0161ka ministrice Dubravke Bo\u0161njak - Tour BiH<\/title>\n<meta name=\"description\" content=\"Ministrica civilnih poslova Bosne i Hercegovine Dubravka Bo\u0161njak odr\u017eala je u Sarajevu sastanak s predstavnicima Biciklisti\u010dkog saveza BiH\" \/>\n<meta name=\"robots\" content=\"index, follow, max-snippet:-1, max-image-preview:large, max-video-preview:-1\" \/>\n<link rel=\"canonical\" href=\"https:\/\/tourbih.ba\/en\/tour-of-bosnia-and-herzegovina-2026-podrska-ministrice-dubravke-bosnjak\/\" \/>\n<meta property=\"og:locale\" content=\"en_US\" \/>\n<meta property=\"og:type\" content=\"article\" \/>\n<meta property=\"og:title\" content=\"Tour of Bosnia and Herzegovina 2026: Podr\u0161ka ministrice Dubravke Bo\u0161njak\" \/>\n<meta property=\"og:description\" content=\"Ministrica civilnih poslova Bosne i Hercegovine Dubravka Bo\u0161njak odr\u017eala je u Sarajevu sastanak s predstavnicima Biciklisti\u010dkog saveza BiH\" \/>\n<meta property=\"og:url\" content=\"https:\/\/tourbih.ba\/en\/tour-of-bosnia-and-herzegovina-2026-podrska-ministrice-dubravke-bosnjak\/\" \/>\n<meta property=\"og:site_name\" content=\"Tour BiH\" \/>\n<meta property=\"article:published_time\" content=\"2026-01-02T11:38:17+00:00\" \/>\n<meta property=\"article:modified_time\" content=\"2026-03-01T09:07:23+00:00\" \/>\n<meta property=\"og:image\" content=\"https:\/\/tourbih.ba\/wp-content\/uploads\/2026\/01\/TourofBiH-i-MCO-clanak-slika-7.jpg\" \/>\n\t<meta property=\"og:image:width\" content=\"1200\" \/>\n\t<meta property=\"og:image:height\" content=\"709\" \/>\n\t<meta property=\"og:image:type\" content=\"image\/jpeg\" \/>\n<meta name=\"author\" content=\"Toni Zori\u0107\" \/>\n<meta name=\"twitter:card\" content=\"summary_large_image\" \/>\n<meta name=\"twitter:label1\" content=\"Written by\" \/>\n\t<meta name=\"twitter:data1\" content=\"Toni Zori\u0107\" \/>\n\t<meta name=\"twitter:label2\" content=\"Est. reading time\" \/>\n\t<meta name=\"twitter:data2\" content=\"4 minutes\" \/>\n<script type=\"application\/ld+json\" class=\"yoast-schema-graph\">{\"@context\":\"https:\\\/\\\/schema.org\",\"@graph\":[{\"@type\":\"Article\",\"@id\":\"https:\\\/\\\/tourbih.ba\\\/tour-of-bosnia-and-herzegovina-2026-podrska-ministrice-dubravke-bosnjak\\\/#article\",\"isPartOf\":{\"@id\":\"https:\\\/\\\/tourbih.ba\\\/tour-of-bosnia-and-herzegovina-2026-podrska-ministrice-dubravke-bosnjak\\\/\"},\"author\":{\"name\":\"Toni Zori\u0107\",\"@id\":\"https:\\\/\\\/tourbih.ba\\\/#\\\/schema\\\/person\\\/3ce28fc85cd5bd49e722a414100cb01f\"},\"headline\":\"Tour of Bosnia and Herzegovina 2026: Podr\u0161ka ministrice Dubravke Bo\u0161njak\",\"datePublished\":\"2026-01-02T11:38:17+00:00\",\"dateModified\":\"2026-03-01T09:07:23+00:00\",\"mainEntityOfPage\":{\"@id\":\"https:\\\/\\\/tourbih.ba\\\/tour-of-bosnia-and-herzegovina-2026-podrska-ministrice-dubravke-bosnjak\\\/\"},\"wordCount\":670,\"image\":{\"@id\":\"https:\\\/\\\/tourbih.ba\\\/tour-of-bosnia-and-herzegovina-2026-podrska-ministrice-dubravke-bosnjak\\\/#primaryimage\"},\"thumbnailUrl\":\"https:\\\/\\\/tourbih.ba\\\/wp-content\\\/uploads\\\/2026\\\/01\\\/TourofBiH-i-MCO-clanak-slika-7.jpg\",\"keywords\":[\"biciklizam\",\"Bosna i Hercegvoina\",\"Kraljevska Etapa\",\"medunarodna biciklisticka utrka Tour BiH\",\"Toni Zoric\",\"Tour BiH\",\"Tour of Bosnia and Herzegovina\",\"tourbih\",\"uci\",\"uci kalendar\"],\"articleSection\":[\"\u010clanak\"],\"inLanguage\":\"en-US\"},{\"@type\":\"WebPage\",\"@id\":\"https:\\\/\\\/tourbih.ba\\\/tour-of-bosnia-and-herzegovina-2026-podrska-ministrice-dubravke-bosnjak\\\/\",\"url\":\"https:\\\/\\\/tourbih.ba\\\/tour-of-bosnia-and-herzegovina-2026-podrska-ministrice-dubravke-bosnjak\\\/\",\"name\":\"Tour of Bosnia and Herzegovina 2026: Podr\u0161ka ministrice Dubravke Bo\u0161njak - Tour BiH\",\"isPartOf\":{\"@id\":\"https:\\\/\\\/tourbih.ba\\\/#website\"},\"primaryImageOfPage\":{\"@id\":\"https:\\\/\\\/tourbih.ba\\\/tour-of-bosnia-and-herzegovina-2026-podrska-ministrice-dubravke-bosnjak\\\/#primaryimage\"},\"image\":{\"@id\":\"https:\\\/\\\/tourbih.ba\\\/tour-of-bosnia-and-herzegovina-2026-podrska-ministrice-dubravke-bosnjak\\\/#primaryimage\"},\"thumbnailUrl\":\"https:\\\/\\\/tourbih.ba\\\/wp-content\\\/uploads\\\/2026\\\/01\\\/TourofBiH-i-MCO-clanak-slika-7.jpg\",\"datePublished\":\"2026-01-02T11:38:17+00:00\",\"dateModified\":\"2026-03-01T09:07:23+00:00\",\"author\":{\"@id\":\"https:\\\/\\\/tourbih.ba\\\/#\\\/schema\\\/person\\\/3ce28fc85cd5bd49e722a414100cb01f\"},\"description\":\"Ministrica civilnih poslova Bosne i Hercegovine Dubravka Bo\u0161njak odr\u017eala je u Sarajevu sastanak s predstavnicima Biciklisti\u010dkog saveza BiH\",\"breadcrumb\":{\"@id\":\"https:\\\/\\\/tourbih.ba\\\/tour-of-bosnia-and-herzegovina-2026-podrska-ministrice-dubravke-bosnjak\\\/#breadcrumb\"},\"inLanguage\":\"en-US\",\"potentialAction\":[{\"@type\":\"ReadAction\",\"target\":[\"https:\\\/\\\/tourbih.ba\\\/tour-of-bosnia-and-herzegovina-2026-podrska-ministrice-dubravke-bosnjak\\\/\"]}]},{\"@type\":\"ImageObject\",\"inLanguage\":\"en-US\",\"@id\":\"https:\\\/\\\/tourbih.ba\\\/tour-of-bosnia-and-herzegovina-2026-podrska-ministrice-dubravke-bosnjak\\\/#primaryimage\",\"url\":\"https:\\\/\\\/tourbih.ba\\\/wp-content\\\/uploads\\\/2026\\\/01\\\/TourofBiH-i-MCO-clanak-slika-7.jpg\",\"contentUrl\":\"https:\\\/\\\/tourbih.ba\\\/wp-content\\\/uploads\\\/2026\\\/01\\\/TourofBiH-i-MCO-clanak-slika-7.jpg\",\"width\":1200,\"height\":709},{\"@type\":\"BreadcrumbList\",\"@id\":\"https:\\\/\\\/tourbih.ba\\\/tour-of-bosnia-and-herzegovina-2026-podrska-ministrice-dubravke-bosnjak\\\/#breadcrumb\",\"itemListElement\":[{\"@type\":\"ListItem\",\"position\":1,\"name\":\"Home\",\"item\":\"https:\\\/\\\/tourbih.ba\\\/\"},{\"@type\":\"ListItem\",\"position\":2,\"name\":\"Tour of Bosnia and Herzegovina 2026: Podr\u0161ka ministrice Dubravke Bo\u0161njak\"}]},{\"@type\":\"WebSite\",\"@id\":\"https:\\\/\\\/tourbih.ba\\\/#website\",\"url\":\"https:\\\/\\\/tourbih.ba\\\/\",\"name\":\"Tour BiH\",\"description\":\"\",\"potentialAction\":[{\"@type\":\"SearchAction\",\"target\":{\"@type\":\"EntryPoint\",\"urlTemplate\":\"https:\\\/\\\/tourbih.ba\\\/?s={search_term_string}\"},\"query-input\":{\"@type\":\"PropertyValueSpecification\",\"valueRequired\":true,\"valueName\":\"search_term_string\"}}],\"inLanguage\":\"en-US\"},{\"@type\":\"Person\",\"@id\":\"https:\\\/\\\/tourbih.ba\\\/#\\\/schema\\\/person\\\/3ce28fc85cd5bd49e722a414100cb01f\",\"name\":\"Toni Zori\u0107\",\"image\":{\"@type\":\"ImageObject\",\"inLanguage\":\"en-US\",\"@id\":\"https:\\\/\\\/secure.gravatar.com\\\/avatar\\\/63d39a2095b152f5992ddf9dd07b4676b12ce7b3529f846141dc517f7f5b5253?s=96&d=mm&r=g\",\"url\":\"https:\\\/\\\/secure.gravatar.com\\\/avatar\\\/63d39a2095b152f5992ddf9dd07b4676b12ce7b3529f846141dc517f7f5b5253?s=96&d=mm&r=g\",\"contentUrl\":\"https:\\\/\\\/secure.gravatar.com\\\/avatar\\\/63d39a2095b152f5992ddf9dd07b4676b12ce7b3529f846141dc517f7f5b5253?s=96&d=mm&r=g\",\"caption\":\"Toni Zori\u0107\"},\"sameAs\":[\"http:\\\/\\\/https.\\\/\\\/tourbih.ba\"],\"url\":\"https:\\\/\\\/tourbih.ba\\\/en\\\/author\\\/toniz\\\/\"}]}<\/script>\n<!-- \/ Yoast SEO Premium plugin. -->","yoast_head_json":{"title":"Tour of Bosnia and Herzegovina 2026: Podr\u0161ka ministrice Dubravke Bo\u0161njak - Tour BiH","description":"Ministrica civilnih poslova Bosne i Hercegovine Dubravka Bo\u0161njak odr\u017eala je u Sarajevu sastanak s predstavnicima Biciklisti\u010dkog saveza BiH","robots":{"index":"index","follow":"follow","max-snippet":"max-snippet:-1","max-image-preview":"max-image-preview:large","max-video-preview":"max-video-preview:-1"},"canonical":"https:\/\/tourbih.ba\/en\/tour-of-bosnia-and-herzegovina-2026-podrska-ministrice-dubravke-bosnjak\/","og_locale":"en_US","og_type":"article","og_title":"Tour of Bosnia and Herzegovina 2026: Podr\u0161ka ministrice Dubravke Bo\u0161njak","og_description":"Ministrica civilnih poslova Bosne i Hercegovine Dubravka Bo\u0161njak odr\u017eala je u Sarajevu sastanak s predstavnicima Biciklisti\u010dkog saveza BiH","og_url":"https:\/\/tourbih.ba\/en\/tour-of-bosnia-and-herzegovina-2026-podrska-ministrice-dubravke-bosnjak\/","og_site_name":"Tour BiH","article_published_time":"2026-01-02T11:38:17+00:00","article_modified_time":"2026-03-01T09:07:23+00:00","og_image":[{"width":1200,"height":709,"url":"https:\/\/tourbih.ba\/wp-content\/uploads\/2026\/01\/TourofBiH-i-MCO-clanak-slika-7.jpg","type":"image\/jpeg"}],"author":"Toni Zori\u0107","twitter_card":"summary_large_image","twitter_misc":{"Written by":"Toni Zori\u0107","Est. reading time":"4 minutes"},"schema":{"@context":"https:\/\/schema.org","@graph":[{"@type":"Article","@id":"https:\/\/tourbih.ba\/tour-of-bosnia-and-herzegovina-2026-podrska-ministrice-dubravke-bosnjak\/#article","isPartOf":{"@id":"https:\/\/tourbih.ba\/tour-of-bosnia-and-herzegovina-2026-podrska-ministrice-dubravke-bosnjak\/"},"author":{"name":"Toni Zori\u0107","@id":"https:\/\/tourbih.ba\/#\/schema\/person\/3ce28fc85cd5bd49e722a414100cb01f"},"headline":"Tour of Bosnia and Herzegovina 2026: Podr\u0161ka ministrice Dubravke Bo\u0161njak","datePublished":"2026-01-02T11:38:17+00:00","dateModified":"2026-03-01T09:07:23+00:00","mainEntityOfPage":{"@id":"https:\/\/tourbih.ba\/tour-of-bosnia-and-herzegovina-2026-podrska-ministrice-dubravke-bosnjak\/"},"wordCount":670,"image":{"@id":"https:\/\/tourbih.ba\/tour-of-bosnia-and-herzegovina-2026-podrska-ministrice-dubravke-bosnjak\/#primaryimage"},"thumbnailUrl":"https:\/\/tourbih.ba\/wp-content\/uploads\/2026\/01\/TourofBiH-i-MCO-clanak-slika-7.jpg","keywords":["biciklizam","Bosna i Hercegvoina","Kraljevska Etapa","medunarodna biciklisticka utrka Tour BiH","Toni Zoric","Tour BiH","Tour of Bosnia and Herzegovina","tourbih","uci","uci kalendar"],"articleSection":["\u010clanak"],"inLanguage":"en-US"},{"@type":"WebPage","@id":"https:\/\/tourbih.ba\/tour-of-bosnia-and-herzegovina-2026-podrska-ministrice-dubravke-bosnjak\/","url":"https:\/\/tourbih.ba\/tour-of-bosnia-and-herzegovina-2026-podrska-ministrice-dubravke-bosnjak\/","name":"Tour of Bosnia and Herzegovina 2026: Podr\u0161ka ministrice Dubravke Bo\u0161njak - Tour BiH","isPartOf":{"@id":"https:\/\/tourbih.ba\/#website"},"primaryImageOfPage":{"@id":"https:\/\/tourbih.ba\/tour-of-bosnia-and-herzegovina-2026-podrska-ministrice-dubravke-bosnjak\/#primaryimage"},"image":{"@id":"https:\/\/tourbih.ba\/tour-of-bosnia-and-herzegovina-2026-podrska-ministrice-dubravke-bosnjak\/#primaryimage"},"thumbnailUrl":"https:\/\/tourbih.ba\/wp-content\/uploads\/2026\/01\/TourofBiH-i-MCO-clanak-slika-7.jpg","datePublished":"2026-01-02T11:38:17+00:00","dateModified":"2026-03-01T09:07:23+00:00","author":{"@id":"https:\/\/tourbih.ba\/#\/schema\/person\/3ce28fc85cd5bd49e722a414100cb01f"},"description":"Ministrica civilnih poslova Bosne i Hercegovine Dubravka Bo\u0161njak odr\u017eala je u Sarajevu sastanak s predstavnicima Biciklisti\u010dkog saveza BiH","breadcrumb":{"@id":"https:\/\/tourbih.ba\/tour-of-bosnia-and-herzegovina-2026-podrska-ministrice-dubravke-bosnjak\/#breadcrumb"},"inLanguage":"en-US","potentialAction":[{"@type":"ReadAction","target":["https:\/\/tourbih.ba\/tour-of-bosnia-and-herzegovina-2026-podrska-ministrice-dubravke-bosnjak\/"]}]},{"@type":"ImageObject","inLanguage":"en-US","@id":"https:\/\/tourbih.ba\/tour-of-bosnia-and-herzegovina-2026-podrska-ministrice-dubravke-bosnjak\/#primaryimage","url":"https:\/\/tourbih.ba\/wp-content\/uploads\/2026\/01\/TourofBiH-i-MCO-clanak-slika-7.jpg","contentUrl":"https:\/\/tourbih.ba\/wp-content\/uploads\/2026\/01\/TourofBiH-i-MCO-clanak-slika-7.jpg","width":1200,"height":709},{"@type":"BreadcrumbList","@id":"https:\/\/tourbih.ba\/tour-of-bosnia-and-herzegovina-2026-podrska-ministrice-dubravke-bosnjak\/#breadcrumb","itemListElement":[{"@type":"ListItem","position":1,"name":"Home","item":"https:\/\/tourbih.ba\/"},{"@type":"ListItem","position":2,"name":"Tour of Bosnia and Herzegovina 2026: Podr\u0161ka ministrice Dubravke Bo\u0161njak"}]},{"@type":"WebSite","@id":"https:\/\/tourbih.ba\/#website","url":"https:\/\/tourbih.ba\/","name":"Tour BiH","description":"","potentialAction":[{"@type":"SearchAction","target":{"@type":"EntryPoint","urlTemplate":"https:\/\/tourbih.ba\/?s={search_term_string}"},"query-input":{"@type":"PropertyValueSpecification","valueRequired":true,"valueName":"search_term_string"}}],"inLanguage":"en-US"},{"@type":"Person","@id":"https:\/\/tourbih.ba\/#\/schema\/person\/3ce28fc85cd5bd49e722a414100cb01f","name":"Toni Zori\u0107","image":{"@type":"ImageObject","inLanguage":"en-US","@id":"https:\/\/secure.gravatar.com\/avatar\/63d39a2095b152f5992ddf9dd07b4676b12ce7b3529f846141dc517f7f5b5253?s=96&d=mm&r=g","url":"https:\/\/secure.gravatar.com\/avatar\/63d39a2095b152f5992ddf9dd07b4676b12ce7b3529f846141dc517f7f5b5253?s=96&d=mm&r=g","contentUrl":"https:\/\/secure.gravatar.com\/avatar\/63d39a2095b152f5992ddf9dd07b4676b12ce7b3529f846141dc517f7f5b5253?s=96&d=mm&r=g","caption":"Toni Zori\u0107"},"sameAs":["http:\/\/https.\/\/tourbih.ba"],"url":"https:\/\/tourbih.ba\/en\/author\/toniz\/"}]}},"_links":{"self":[{"href":"https:\/\/tourbih.ba\/en\/wp-json\/wp\/v2\/posts\/3227","targetHints":{"allow":["GET"]}}],"collection":[{"href":"https:\/\/tourbih.ba\/en\/wp-json\/wp\/v2\/posts"}],"about":[{"href":"https:\/\/tourbih.ba\/en\/wp-json\/wp\/v2\/types\/post"}],"author":[{"embeddable":true,"href":"https:\/\/tourbih.ba\/en\/wp-json\/wp\/v2\/users\/2"}],"replies":[{"embeddable":true,"href":"https:\/\/tourbih.ba\/en\/wp-json\/wp\/v2\/comments?post=3227"}],"version-history":[{"count":5,"href":"https:\/\/tourbih.ba\/en\/wp-json\/wp\/v2\/posts\/3227\/revisions"}],"predecessor-version":[{"id":3928,"href":"https:\/\/tourbih.ba\/en\/wp-json\/wp\/v2\/posts\/3227\/revisions\/3928"}],"wp:featuredmedia":[{"embeddable":true,"href":"https:\/\/tourbih.ba\/en\/wp-json\/wp\/v2\/media\/3228"}],"wp:attachment":[{"href":"https:\/\/tourbih.ba\/en\/wp-json\/wp\/v2\/media?parent=3227"}],"wp:term":[{"taxonomy":"category","embeddable":true,"href":"https:\/\/tourbih.ba\/en\/wp-json\/wp\/v2\/categories?post=3227"},{"taxonomy":"post_tag","embeddable":true,"href":"https:\/\/tourbih.ba\/en\/wp-json\/wp\/v2\/tags?post=3227"}],"curies":[{"name":"wp","href":"https:\/\/api.w.org\/{rel}","templated":true}]}}