{"id":3222,"date":"2026-01-01T11:35:52","date_gmt":"2026-01-01T11:35:52","guid":{"rendered":"https:\/\/tourbih.ba\/?p=3222"},"modified":"2026-03-01T09:07:24","modified_gmt":"2026-03-01T09:07:24","slug":"tour-of-bosnia-and-herzegovina-2026-ogroman-interes-timova-iz-cijelog-svijeta","status":"publish","type":"post","link":"https:\/\/tourbih.ba\/en\/tour-of-bosnia-and-herzegovina-2026-ogroman-interes-timova-iz-cijelog-svijeta\/","title":{"rendered":"Tour of Bosnia and Herzegovina 2026: Ogroman interes timova iz cijelog svijeta"},"content":{"rendered":"<p>Bosna i Hercegovina ve\u0107 sada, gotovo sedam mjeseci prije samog starta, bilje\u017ei ogroman interes za sudjelovanje na me\u0111unarodnoj etapnoj biciklisti\u010dkoj utrci Tour of Bosnia and Herzegovina 2026. Iako utrka slu\u017ebeno jo\u0161 uvijek nije potvr\u0111ena u UCI kalendaru (potvrda se o\u010dekuje u listopadu 2025. na kongresu u Kigaliju), organizatori su ve\u0107 prikupili 17 prijava me\u0111unarodnih timova.<\/p>\n\n\n\n<p>Bitno je kazati kako se me\u0111u prijavljenima nalazi i jedan UCI Pro tim, te \u010dak \u0161est UCI Continentalnih timova, \u0161to je jasan pokazatelj da \u0107e Bosna i Hercegovina 2026. godine biti doma\u0107in natjecanja vrhunske razine. Kada se na to doda tradicionalni interes timova iz balkanskih zemalja, broj potvr\u0111enih sudionika ve\u0107 sada prema\u0161uje 20 ekipa.<\/p>\n\n\n\n<p>Prve neformalne pozivnice izazvale su sna\u017ean odjek \u2013 svoj dolazak ve\u0107 je najavilo vi\u0161e od 20 timova iz 16 zemalja, me\u0111u kojima su Velika Britanija, Francuska, Gr\u010dka, Poljska, \u0160vicarska, Slova\u010dka, \u0160panjolska, Ma\u0111arska, Azerbajd\u017ean, Bugarska, Danska, Nizozemska, Rumunjska, Srbija, Austrija te, naravno, Bosna i Hercegovina.<\/p>\n\n\n\n<p>Predsjednik Biciklisti\u010dkog saveza BiH, Toni Zori\u0107, najavio je svoj odlazak u Afriku, gdje \u0107e u listopadu sudjelovati na UCI kongresu koji se odr\u017eava u Ruandi, gdje \u0107e predstaviti Tour of Bosnia and Herzegovina i odr\u017eati niz sastanaka s delegacijama drugih zemalja, dodatno osna\u017euju\u0107i me\u0111unarodnu suradnju i interes za ovaj povijesni projekt.<\/p>\n\n\n\n<p>Institucionalna podr\u0161ka i partneri<\/p>\n\n\n\n<p>Ovaj interes prati i sna\u017ena podr\u0161ka institucija u Bosni i Hercegovini. Organizatori su ve\u0107 odr\u017eali sastanke s resornim ministarstvima, vladama kantona, gradovima doma\u0107inima i Olimpijskim komitetom BiH, koji je specijalni partner utrke. Posebna pa\u017enja posve\u0107uje se sigurnosti i prometnoj regulaciji, gdje je podr\u0161ka Ministarstva unutarnjih poslova klju\u010dna za nesmetano odr\u017eavanje doga\u0111aja.<\/p>\n\n\n\n<p>U isto vrijeme intenzivno se vode razgovori s partnerima i sponzorima, a me\u0111u prvima koji su pokazali interes nalaze se neke od renomiranih kompanija. Cilj je osigurati najbolje uvjete za profesionalnu organizaciju utrke i maksimalan promotivni efekt za Bosnu i Hercegovinu.<\/p>\n\n\n\n<p>Najve\u0107i sportsko-turisti\u010dki doga\u0111aj u BiH<\/p>\n\n\n\n<p>Tour of Bosnia and Herzegovina 2026 nije samo sportska utrka, ve\u0107 prilika da se Bosna i Hercegovina predstavi svijetu kroz sport, turizam i kulturu. Gradovi doma\u0107ini Sarajevo, Mostar, Ljubu\u0161ki i Neum, zajedno s prolaznim ciljevima u Konjicu, Jablanici, \u010capljini, Grudama i Stocu, bit \u0107e doma\u0107ini spektakla koji \u0107e okupiti najbolje bicikliste i privu\u0107i globalnu medijsku pa\u017enju.<\/p>\n\n\n\n<p>Ovo je povijesni trenutak \u2013Bosna i Hercegovina dobiva svoj veliki Tour i organizira ovako veliku etapnu utrku, koja ve\u0107 sada obe\u0107ava da \u0107e biti doga\u0111aj koji spaja sport, turizam i zajedni\u0161tvo, te \u0161alje najljep\u0161u razglednicu BiH u svijet.<\/p>","protected":false},"excerpt":{"rendered":"<p>Bosna i Hercegovina ve\u0107 sada, gotovo sedam mjeseci prije samog starta, bilje\u017ei ogroman interes za sudjelovanje na me\u0111unarodnoj etapnoj biciklisti\u010dkoj utrci Tour of Bosnia and Herzegovina 2026. Iako utrka slu\u017ebeno jo\u0161 uvijek nije potvr\u0111ena u UCI kalendaru (potvrda se o\u010dekuje u listopadu 2025. na kongresu u Kigaliju), organizatori su ve\u0107 prikupili 17 prijava me\u0111unarodnih timova. [&hellip;]<\/p>\n","protected":false},"author":2,"featured_media":3223,"comment_status":"closed","ping_status":"closed","sticky":false,"template":"","format":"standard","meta":{"footnotes":""},"categories":[57],"tags":[65,63,62,67,66,61,64,60,68,69],"class_list":["post-3222","post","type-post","status-publish","format-standard","has-post-thumbnail","hentry","category-clanak","tag-biciklizam","tag-bosna-i-hercegvoina","tag-kraljevska-etapa","tag-medunarodna-biciklisticka-utrka-tour-bih","tag-toni-zoric","tag-tour-bih","tag-tour-of-bosnia-and-herzegovina","tag-tourbih","tag-uci","tag-uci-kalendar"],"yoast_head":"<!-- This site is optimized with the Yoast SEO Premium plugin v26.7 (Yoast SEO v27.5) - https:\/\/yoast.com\/product\/yoast-seo-premium-wordpress\/ -->\n<title>Tour of Bosnia and Herzegovina 2026: Ogroman interes timova iz cijelog svijeta - Tour BiH<\/title>\n<meta name=\"description\" content=\"Bosna i Hercegovina ve\u0107 sada, gotovo sedam mjeseci prije samog starta, bilje\u017ei ogroman interes za sudjelovanje na me\u0111unarodnoj etapnoj ...\" \/>\n<meta name=\"robots\" content=\"index, follow, max-snippet:-1, max-image-preview:large, max-video-preview:-1\" \/>\n<link rel=\"canonical\" href=\"https:\/\/tourbih.ba\/en\/tour-of-bosnia-and-herzegovina-2026-ogroman-interes-timova-iz-cijelog-svijeta\/\" \/>\n<meta property=\"og:locale\" content=\"en_US\" \/>\n<meta property=\"og:type\" content=\"article\" \/>\n<meta property=\"og:title\" content=\"Tour of Bosnia and Herzegovina 2026: Ogroman interes timova iz cijelog svijeta\" \/>\n<meta property=\"og:description\" content=\"Bosna i Hercegovina ve\u0107 sada, gotovo sedam mjeseci prije samog starta, bilje\u017ei ogroman interes za sudjelovanje na me\u0111unarodnoj etapnoj ...\" \/>\n<meta property=\"og:url\" content=\"https:\/\/tourbih.ba\/en\/tour-of-bosnia-and-herzegovina-2026-ogroman-interes-timova-iz-cijelog-svijeta\/\" \/>\n<meta property=\"og:site_name\" content=\"Tour BiH\" \/>\n<meta property=\"article:published_time\" content=\"2026-01-01T11:35:52+00:00\" \/>\n<meta property=\"article:modified_time\" content=\"2026-03-01T09:07:24+00:00\" \/>\n<meta property=\"og:image\" content=\"https:\/\/tourbih.ba\/wp-content\/uploads\/2026\/01\/Tour-BiH-clanak-slika-5.jpg\" \/>\n\t<meta property=\"og:image:width\" content=\"1200\" \/>\n\t<meta property=\"og:image:height\" content=\"800\" \/>\n\t<meta property=\"og:image:type\" content=\"image\/jpeg\" \/>\n<meta name=\"author\" content=\"Toni Zori\u0107\" \/>\n<meta name=\"twitter:card\" content=\"summary_large_image\" \/>\n<meta name=\"twitter:label1\" content=\"Written by\" \/>\n\t<meta name=\"twitter:data1\" content=\"Toni Zori\u0107\" \/>\n\t<meta name=\"twitter:label2\" content=\"Est. reading time\" \/>\n\t<meta name=\"twitter:data2\" content=\"3 minutes\" \/>\n<script type=\"application\/ld+json\" class=\"yoast-schema-graph\">{\"@context\":\"https:\\\/\\\/schema.org\",\"@graph\":[{\"@type\":\"Article\",\"@id\":\"https:\\\/\\\/tourbih.ba\\\/tour-of-bosnia-and-herzegovina-2026-ogroman-interes-timova-iz-cijelog-svijeta\\\/#article\",\"isPartOf\":{\"@id\":\"https:\\\/\\\/tourbih.ba\\\/tour-of-bosnia-and-herzegovina-2026-ogroman-interes-timova-iz-cijelog-svijeta\\\/\"},\"author\":{\"name\":\"Toni Zori\u0107\",\"@id\":\"https:\\\/\\\/tourbih.ba\\\/#\\\/schema\\\/person\\\/3ce28fc85cd5bd49e722a414100cb01f\"},\"headline\":\"Tour of Bosnia and Herzegovina 2026: Ogroman interes timova iz cijelog svijeta\",\"datePublished\":\"2026-01-01T11:35:52+00:00\",\"dateModified\":\"2026-03-01T09:07:24+00:00\",\"mainEntityOfPage\":{\"@id\":\"https:\\\/\\\/tourbih.ba\\\/tour-of-bosnia-and-herzegovina-2026-ogroman-interes-timova-iz-cijelog-svijeta\\\/\"},\"wordCount\":449,\"image\":{\"@id\":\"https:\\\/\\\/tourbih.ba\\\/tour-of-bosnia-and-herzegovina-2026-ogroman-interes-timova-iz-cijelog-svijeta\\\/#primaryimage\"},\"thumbnailUrl\":\"https:\\\/\\\/tourbih.ba\\\/wp-content\\\/uploads\\\/2026\\\/01\\\/Tour-BiH-clanak-slika-5.jpg\",\"keywords\":[\"biciklizam\",\"Bosna i Hercegvoina\",\"Kraljevska Etapa\",\"medunarodna biciklisticka utrka Tour BiH\",\"Toni Zoric\",\"Tour BiH\",\"Tour of Bosnia and Herzegovina\",\"tourbih\",\"uci\",\"uci kalendar\"],\"articleSection\":[\"\u010clanak\"],\"inLanguage\":\"en-US\"},{\"@type\":\"WebPage\",\"@id\":\"https:\\\/\\\/tourbih.ba\\\/tour-of-bosnia-and-herzegovina-2026-ogroman-interes-timova-iz-cijelog-svijeta\\\/\",\"url\":\"https:\\\/\\\/tourbih.ba\\\/tour-of-bosnia-and-herzegovina-2026-ogroman-interes-timova-iz-cijelog-svijeta\\\/\",\"name\":\"Tour of Bosnia and Herzegovina 2026: Ogroman interes timova iz cijelog svijeta - Tour BiH\",\"isPartOf\":{\"@id\":\"https:\\\/\\\/tourbih.ba\\\/#website\"},\"primaryImageOfPage\":{\"@id\":\"https:\\\/\\\/tourbih.ba\\\/tour-of-bosnia-and-herzegovina-2026-ogroman-interes-timova-iz-cijelog-svijeta\\\/#primaryimage\"},\"image\":{\"@id\":\"https:\\\/\\\/tourbih.ba\\\/tour-of-bosnia-and-herzegovina-2026-ogroman-interes-timova-iz-cijelog-svijeta\\\/#primaryimage\"},\"thumbnailUrl\":\"https:\\\/\\\/tourbih.ba\\\/wp-content\\\/uploads\\\/2026\\\/01\\\/Tour-BiH-clanak-slika-5.jpg\",\"datePublished\":\"2026-01-01T11:35:52+00:00\",\"dateModified\":\"2026-03-01T09:07:24+00:00\",\"author\":{\"@id\":\"https:\\\/\\\/tourbih.ba\\\/#\\\/schema\\\/person\\\/3ce28fc85cd5bd49e722a414100cb01f\"},\"description\":\"Bosna i Hercegovina ve\u0107 sada, gotovo sedam mjeseci prije samog starta, bilje\u017ei ogroman interes za sudjelovanje na me\u0111unarodnoj etapnoj ...\",\"breadcrumb\":{\"@id\":\"https:\\\/\\\/tourbih.ba\\\/tour-of-bosnia-and-herzegovina-2026-ogroman-interes-timova-iz-cijelog-svijeta\\\/#breadcrumb\"},\"inLanguage\":\"en-US\",\"potentialAction\":[{\"@type\":\"ReadAction\",\"target\":[\"https:\\\/\\\/tourbih.ba\\\/tour-of-bosnia-and-herzegovina-2026-ogroman-interes-timova-iz-cijelog-svijeta\\\/\"]}]},{\"@type\":\"ImageObject\",\"inLanguage\":\"en-US\",\"@id\":\"https:\\\/\\\/tourbih.ba\\\/tour-of-bosnia-and-herzegovina-2026-ogroman-interes-timova-iz-cijelog-svijeta\\\/#primaryimage\",\"url\":\"https:\\\/\\\/tourbih.ba\\\/wp-content\\\/uploads\\\/2026\\\/01\\\/Tour-BiH-clanak-slika-5.jpg\",\"contentUrl\":\"https:\\\/\\\/tourbih.ba\\\/wp-content\\\/uploads\\\/2026\\\/01\\\/Tour-BiH-clanak-slika-5.jpg\",\"width\":1200,\"height\":800},{\"@type\":\"BreadcrumbList\",\"@id\":\"https:\\\/\\\/tourbih.ba\\\/tour-of-bosnia-and-herzegovina-2026-ogroman-interes-timova-iz-cijelog-svijeta\\\/#breadcrumb\",\"itemListElement\":[{\"@type\":\"ListItem\",\"position\":1,\"name\":\"Home\",\"item\":\"https:\\\/\\\/tourbih.ba\\\/\"},{\"@type\":\"ListItem\",\"position\":2,\"name\":\"Tour of Bosnia and Herzegovina 2026: Ogroman interes timova iz cijelog svijeta\"}]},{\"@type\":\"WebSite\",\"@id\":\"https:\\\/\\\/tourbih.ba\\\/#website\",\"url\":\"https:\\\/\\\/tourbih.ba\\\/\",\"name\":\"Tour BiH\",\"description\":\"\",\"potentialAction\":[{\"@type\":\"SearchAction\",\"target\":{\"@type\":\"EntryPoint\",\"urlTemplate\":\"https:\\\/\\\/tourbih.ba\\\/?s={search_term_string}\"},\"query-input\":{\"@type\":\"PropertyValueSpecification\",\"valueRequired\":true,\"valueName\":\"search_term_string\"}}],\"inLanguage\":\"en-US\"},{\"@type\":\"Person\",\"@id\":\"https:\\\/\\\/tourbih.ba\\\/#\\\/schema\\\/person\\\/3ce28fc85cd5bd49e722a414100cb01f\",\"name\":\"Toni Zori\u0107\",\"image\":{\"@type\":\"ImageObject\",\"inLanguage\":\"en-US\",\"@id\":\"https:\\\/\\\/secure.gravatar.com\\\/avatar\\\/63d39a2095b152f5992ddf9dd07b4676b12ce7b3529f846141dc517f7f5b5253?s=96&d=mm&r=g\",\"url\":\"https:\\\/\\\/secure.gravatar.com\\\/avatar\\\/63d39a2095b152f5992ddf9dd07b4676b12ce7b3529f846141dc517f7f5b5253?s=96&d=mm&r=g\",\"contentUrl\":\"https:\\\/\\\/secure.gravatar.com\\\/avatar\\\/63d39a2095b152f5992ddf9dd07b4676b12ce7b3529f846141dc517f7f5b5253?s=96&d=mm&r=g\",\"caption\":\"Toni Zori\u0107\"},\"sameAs\":[\"http:\\\/\\\/https.\\\/\\\/tourbih.ba\"],\"url\":\"https:\\\/\\\/tourbih.ba\\\/en\\\/author\\\/toniz\\\/\"}]}<\/script>\n<!-- \/ Yoast SEO Premium plugin. -->","yoast_head_json":{"title":"Tour of Bosnia and Herzegovina 2026: Ogroman interes timova iz cijelog svijeta - Tour BiH","description":"Bosna i Hercegovina ve\u0107 sada, gotovo sedam mjeseci prije samog starta, bilje\u017ei ogroman interes za sudjelovanje na me\u0111unarodnoj etapnoj ...","robots":{"index":"index","follow":"follow","max-snippet":"max-snippet:-1","max-image-preview":"max-image-preview:large","max-video-preview":"max-video-preview:-1"},"canonical":"https:\/\/tourbih.ba\/en\/tour-of-bosnia-and-herzegovina-2026-ogroman-interes-timova-iz-cijelog-svijeta\/","og_locale":"en_US","og_type":"article","og_title":"Tour of Bosnia and Herzegovina 2026: Ogroman interes timova iz cijelog svijeta","og_description":"Bosna i Hercegovina ve\u0107 sada, gotovo sedam mjeseci prije samog starta, bilje\u017ei ogroman interes za sudjelovanje na me\u0111unarodnoj etapnoj ...","og_url":"https:\/\/tourbih.ba\/en\/tour-of-bosnia-and-herzegovina-2026-ogroman-interes-timova-iz-cijelog-svijeta\/","og_site_name":"Tour BiH","article_published_time":"2026-01-01T11:35:52+00:00","article_modified_time":"2026-03-01T09:07:24+00:00","og_image":[{"width":1200,"height":800,"url":"https:\/\/tourbih.ba\/wp-content\/uploads\/2026\/01\/Tour-BiH-clanak-slika-5.jpg","type":"image\/jpeg"}],"author":"Toni Zori\u0107","twitter_card":"summary_large_image","twitter_misc":{"Written by":"Toni Zori\u0107","Est. reading time":"3 minutes"},"schema":{"@context":"https:\/\/schema.org","@graph":[{"@type":"Article","@id":"https:\/\/tourbih.ba\/tour-of-bosnia-and-herzegovina-2026-ogroman-interes-timova-iz-cijelog-svijeta\/#article","isPartOf":{"@id":"https:\/\/tourbih.ba\/tour-of-bosnia-and-herzegovina-2026-ogroman-interes-timova-iz-cijelog-svijeta\/"},"author":{"name":"Toni Zori\u0107","@id":"https:\/\/tourbih.ba\/#\/schema\/person\/3ce28fc85cd5bd49e722a414100cb01f"},"headline":"Tour of Bosnia and Herzegovina 2026: Ogroman interes timova iz cijelog svijeta","datePublished":"2026-01-01T11:35:52+00:00","dateModified":"2026-03-01T09:07:24+00:00","mainEntityOfPage":{"@id":"https:\/\/tourbih.ba\/tour-of-bosnia-and-herzegovina-2026-ogroman-interes-timova-iz-cijelog-svijeta\/"},"wordCount":449,"image":{"@id":"https:\/\/tourbih.ba\/tour-of-bosnia-and-herzegovina-2026-ogroman-interes-timova-iz-cijelog-svijeta\/#primaryimage"},"thumbnailUrl":"https:\/\/tourbih.ba\/wp-content\/uploads\/2026\/01\/Tour-BiH-clanak-slika-5.jpg","keywords":["biciklizam","Bosna i Hercegvoina","Kraljevska Etapa","medunarodna biciklisticka utrka Tour BiH","Toni Zoric","Tour BiH","Tour of Bosnia and Herzegovina","tourbih","uci","uci kalendar"],"articleSection":["\u010clanak"],"inLanguage":"en-US"},{"@type":"WebPage","@id":"https:\/\/tourbih.ba\/tour-of-bosnia-and-herzegovina-2026-ogroman-interes-timova-iz-cijelog-svijeta\/","url":"https:\/\/tourbih.ba\/tour-of-bosnia-and-herzegovina-2026-ogroman-interes-timova-iz-cijelog-svijeta\/","name":"Tour of Bosnia and Herzegovina 2026: Ogroman interes timova iz cijelog svijeta - Tour BiH","isPartOf":{"@id":"https:\/\/tourbih.ba\/#website"},"primaryImageOfPage":{"@id":"https:\/\/tourbih.ba\/tour-of-bosnia-and-herzegovina-2026-ogroman-interes-timova-iz-cijelog-svijeta\/#primaryimage"},"image":{"@id":"https:\/\/tourbih.ba\/tour-of-bosnia-and-herzegovina-2026-ogroman-interes-timova-iz-cijelog-svijeta\/#primaryimage"},"thumbnailUrl":"https:\/\/tourbih.ba\/wp-content\/uploads\/2026\/01\/Tour-BiH-clanak-slika-5.jpg","datePublished":"2026-01-01T11:35:52+00:00","dateModified":"2026-03-01T09:07:24+00:00","author":{"@id":"https:\/\/tourbih.ba\/#\/schema\/person\/3ce28fc85cd5bd49e722a414100cb01f"},"description":"Bosna i Hercegovina ve\u0107 sada, gotovo sedam mjeseci prije samog starta, bilje\u017ei ogroman interes za sudjelovanje na me\u0111unarodnoj etapnoj ...","breadcrumb":{"@id":"https:\/\/tourbih.ba\/tour-of-bosnia-and-herzegovina-2026-ogroman-interes-timova-iz-cijelog-svijeta\/#breadcrumb"},"inLanguage":"en-US","potentialAction":[{"@type":"ReadAction","target":["https:\/\/tourbih.ba\/tour-of-bosnia-and-herzegovina-2026-ogroman-interes-timova-iz-cijelog-svijeta\/"]}]},{"@type":"ImageObject","inLanguage":"en-US","@id":"https:\/\/tourbih.ba\/tour-of-bosnia-and-herzegovina-2026-ogroman-interes-timova-iz-cijelog-svijeta\/#primaryimage","url":"https:\/\/tourbih.ba\/wp-content\/uploads\/2026\/01\/Tour-BiH-clanak-slika-5.jpg","contentUrl":"https:\/\/tourbih.ba\/wp-content\/uploads\/2026\/01\/Tour-BiH-clanak-slika-5.jpg","width":1200,"height":800},{"@type":"BreadcrumbList","@id":"https:\/\/tourbih.ba\/tour-of-bosnia-and-herzegovina-2026-ogroman-interes-timova-iz-cijelog-svijeta\/#breadcrumb","itemListElement":[{"@type":"ListItem","position":1,"name":"Home","item":"https:\/\/tourbih.ba\/"},{"@type":"ListItem","position":2,"name":"Tour of Bosnia and Herzegovina 2026: Ogroman interes timova iz cijelog svijeta"}]},{"@type":"WebSite","@id":"https:\/\/tourbih.ba\/#website","url":"https:\/\/tourbih.ba\/","name":"Tour BiH","description":"","potentialAction":[{"@type":"SearchAction","target":{"@type":"EntryPoint","urlTemplate":"https:\/\/tourbih.ba\/?s={search_term_string}"},"query-input":{"@type":"PropertyValueSpecification","valueRequired":true,"valueName":"search_term_string"}}],"inLanguage":"en-US"},{"@type":"Person","@id":"https:\/\/tourbih.ba\/#\/schema\/person\/3ce28fc85cd5bd49e722a414100cb01f","name":"Toni Zori\u0107","image":{"@type":"ImageObject","inLanguage":"en-US","@id":"https:\/\/secure.gravatar.com\/avatar\/63d39a2095b152f5992ddf9dd07b4676b12ce7b3529f846141dc517f7f5b5253?s=96&d=mm&r=g","url":"https:\/\/secure.gravatar.com\/avatar\/63d39a2095b152f5992ddf9dd07b4676b12ce7b3529f846141dc517f7f5b5253?s=96&d=mm&r=g","contentUrl":"https:\/\/secure.gravatar.com\/avatar\/63d39a2095b152f5992ddf9dd07b4676b12ce7b3529f846141dc517f7f5b5253?s=96&d=mm&r=g","caption":"Toni Zori\u0107"},"sameAs":["http:\/\/https.\/\/tourbih.ba"],"url":"https:\/\/tourbih.ba\/en\/author\/toniz\/"}]}},"_links":{"self":[{"href":"https:\/\/tourbih.ba\/en\/wp-json\/wp\/v2\/posts\/3222","targetHints":{"allow":["GET"]}}],"collection":[{"href":"https:\/\/tourbih.ba\/en\/wp-json\/wp\/v2\/posts"}],"about":[{"href":"https:\/\/tourbih.ba\/en\/wp-json\/wp\/v2\/types\/post"}],"author":[{"embeddable":true,"href":"https:\/\/tourbih.ba\/en\/wp-json\/wp\/v2\/users\/2"}],"replies":[{"embeddable":true,"href":"https:\/\/tourbih.ba\/en\/wp-json\/wp\/v2\/comments?post=3222"}],"version-history":[{"count":5,"href":"https:\/\/tourbih.ba\/en\/wp-json\/wp\/v2\/posts\/3222\/revisions"}],"predecessor-version":[{"id":3929,"href":"https:\/\/tourbih.ba\/en\/wp-json\/wp\/v2\/posts\/3222\/revisions\/3929"}],"wp:featuredmedia":[{"embeddable":true,"href":"https:\/\/tourbih.ba\/en\/wp-json\/wp\/v2\/media\/3223"}],"wp:attachment":[{"href":"https:\/\/tourbih.ba\/en\/wp-json\/wp\/v2\/media?parent=3222"}],"wp:term":[{"taxonomy":"category","embeddable":true,"href":"https:\/\/tourbih.ba\/en\/wp-json\/wp\/v2\/categories?post=3222"},{"taxonomy":"post_tag","embeddable":true,"href":"https:\/\/tourbih.ba\/en\/wp-json\/wp\/v2\/tags?post=3222"}],"curies":[{"name":"wp","href":"https:\/\/api.w.org\/{rel}","templated":true}]}}