{"id":3217,"date":"2026-01-01T11:32:35","date_gmt":"2026-01-01T11:32:35","guid":{"rendered":"https:\/\/tourbih.ba\/?p=3217"},"modified":"2026-03-01T09:07:24","modified_gmt":"2026-03-01T09:07:24","slug":"federalna-ministrica-nasiha-pozder-ugostila-predstavnike-udruge-herzegovinabike","status":"publish","type":"post","link":"https:\/\/tourbih.ba\/en\/federalna-ministrica-nasiha-pozder-ugostila-predstavnike-udruge-herzegovinabike\/","title":{"rendered":"Federalna ministrica Nasiha Pozder ugostila predstavnike udruge HerzegovinaBike"},"content":{"rendered":"<p class=\"has-text-align-center\"><strong>Zajedno za razvoj cikloturizma u BiH<\/strong><\/p>\n\n\n\n<p>U prostorijama Federalnog ministarstva okoli\u0161a i turizma odr\u017ean je sastanak izme\u0111u ministrice g\u0111e. Nasihe Pozder i predstavnika udruge HerzegovinaBike, na \u010delu s predsjednikom udruge Tonijem Zori\u0107em. Tema sastanka bila je razvoj cikloturizma u Bosni i Hercegovini te predstavljanje trenutnih i budu\u0107ih projekata koje udruga aktivno provodi s ciljem pozicioniranja na\u0161e zemlje kao atraktivne destinacije za ljubitelje biciklizma.<\/p>\n\n\n\n<p>Ministrica Pozder izrazila je zadovoljstvo dosada\u0161njim radom udruge, naglasiv\u0161i kako je vidljiv kontinuiran napredak u promociji biciklizma, ne samo kao sporta, ve\u0107 i kao odr\u017eivog oblika turizma. \u201eVidim i osobno pratim sve \u0161to radite \u2014 va\u0161e aktivnosti na dru\u0161tvenim mre\u017eama, kao i doga\u0111aje koji promoviraju prirodne ljepote na\u0161e zemlje. Biciklizam mi je jako drag, pratim utrke poput Tour de France i Giro d\u2019Italia, a posebno me raduje kada vidim da se ne\u0161to sli\u010dno gradi i kod nas\u201c, izjavila je ministrica.<\/p>\n\n\n\n<p>Predsjednik udruge HerzegovinaBike, Toni Zori\u0107, zahvalio se ministrici na prijemu i potpori te naglasio kako je put do trenutnih uspjeha bio izazovan, ali ustrajan rad i jasna vizija donijeli su konkretne rezultate. \u201eDanas iza sebe imamo kvalitetne reference i veliku podr\u0161ku s razli\u010ditih razina vlasti. Bilje\u017eimo sve ve\u0107i broj cikloturista iz Europe i svijeta koji dolaze otkrivati ljepote Bosne i Hercegovine na dva kota\u010da. Me\u0111utim, pred nama je jo\u0161 puno posla, posebice u razvoju biciklisti\u010dke infrastrukture, kako u gradovima, tako i u ruralnim podru\u010djima\u201c, poru\u010dio je Zori\u0107.<\/p>\n\n\n\n<p>Tour of Bosnia and Herzegovina: Nova etapa u promociji zemlje<\/p>\n\n\n\n<p>Tijekom sastanka, predstavnici udruge HerzegovinaBike predstavili su i jedan od najambicioznijih projekata do sada \u2013 \u201cTour of Bosnia and Herzegovina\u201d, me\u0111unarodnu biciklisti\u010dku etapnu utrku koja bi trebala ozna\u010diti prekretnicu u promociji Bosne i Hercegovine kao sportsko-turisti\u010dke destinacije.<\/p>\n\n\n\n<p>Toni Zori\u0107 pojasnio je kako je planirano da se prva utrka odr\u017ei 2026. godine u tri etape, sa startom u Sarajevu i ciljem u Neumu. Utrka je ve\u0107 prijavljena u slu\u017ebeni kalendar Svjetske biciklisti\u010dke unije (UCI), \u010dime Bosna i Hercegovina ulazi na kartu me\u0111unarodnih biciklisti\u010dkih doga\u0111anja.<\/p>\n\n\n\n<p>Ministrica Pozder s odu\u0161evljenjem je prihvatila ovu ideju, istaknuv\u0161i kako doga\u0111aji ovakvog tipa imaju vi\u0161estruki zna\u010daj \u2014 ne samo u sportskom smislu, ve\u0107 i u promociji prirodnih ljepota, lokalnih zajednica i turisti\u010dke ponude zemlje. Najavila je konkretnu podr\u0161ku projektu, uklju\u010divanje u Organizacijski odbor utrke, te pomo\u0107 u realizaciji svih faza ovog zna\u010dajnog doga\u0111aja.<\/p>\n\n\n\n<p>\u201eOvo je projekt koji na idealan na\u010din povezuje sport, turizam i promociju na\u0161e domovine. Ministarstvo \u0107e u\u010diniti sve \u0161to je u njegovoj nadle\u017enosti da Tour of Bosnia and Herzegovina ugleda svjetlo dana i postane tradicionalan doga\u0111aj od regionalnog i me\u0111unarodnog zna\u010daja\u201c, poru\u010dila je ministrica Pozder.<\/p>\n\n\n\n<p>Udruga HerzegovinaBike nastavlja svoju misiju povezivanja lokalnih zajednica, promocije regije kroz biciklisti\u010dke rute i stvaranja nove vrijednosti za turisti\u010dku ponudu Bosne i Hercegovine \u2014 sada i kroz najavu prvog velikog me\u0111unarodnog biciklisti\u010dkog spektakla u zemlji.<\/p>","protected":false},"excerpt":{"rendered":"<p>Zajedno za razvoj cikloturizma u BiH U prostorijama Federalnog ministarstva okoli\u0161a i turizma odr\u017ean je sastanak izme\u0111u ministrice g\u0111e. Nasihe Pozder i predstavnika udruge HerzegovinaBike, na \u010delu s predsjednikom udruge Tonijem Zori\u0107em. Tema sastanka bila je razvoj cikloturizma u Bosni i Hercegovini te predstavljanje trenutnih i budu\u0107ih projekata koje udruga aktivno provodi s ciljem pozicioniranja [&hellip;]<\/p>\n","protected":false},"author":2,"featured_media":3218,"comment_status":"closed","ping_status":"closed","sticky":false,"template":"","format":"standard","meta":{"footnotes":""},"categories":[57],"tags":[65,63,62,67,66,61,64,60,68,69],"class_list":["post-3217","post","type-post","status-publish","format-standard","has-post-thumbnail","hentry","category-clanak","tag-biciklizam","tag-bosna-i-hercegvoina","tag-kraljevska-etapa","tag-medunarodna-biciklisticka-utrka-tour-bih","tag-toni-zoric","tag-tour-bih","tag-tour-of-bosnia-and-herzegovina","tag-tourbih","tag-uci","tag-uci-kalendar"],"yoast_head":"<!-- This site is optimized with the Yoast SEO Premium plugin v26.7 (Yoast SEO v27.5) - https:\/\/yoast.com\/product\/yoast-seo-premium-wordpress\/ -->\n<title>Federalna ministrica Nasiha Pozder ugostila predstavnike udruge HerzegovinaBike - Tour BiH<\/title>\n<meta name=\"description\" content=\"U prostorijama Federalnog ministarstva okoli\u0161a i turizma odr\u017ean je sastanak izme\u0111u ministrice g\u0111e. Nasihe Pozder i predstavnika udruge ...\" \/>\n<meta name=\"robots\" content=\"index, follow, max-snippet:-1, max-image-preview:large, max-video-preview:-1\" \/>\n<link rel=\"canonical\" href=\"https:\/\/tourbih.ba\/en\/federalna-ministrica-nasiha-pozder-ugostila-predstavnike-udruge-herzegovinabike\/\" \/>\n<meta property=\"og:locale\" content=\"en_US\" \/>\n<meta property=\"og:type\" content=\"article\" \/>\n<meta property=\"og:title\" content=\"Federalna ministrica Nasiha Pozder ugostila predstavnike udruge HerzegovinaBike\" \/>\n<meta property=\"og:description\" content=\"U prostorijama Federalnog ministarstva okoli\u0161a i turizma odr\u017ean je sastanak izme\u0111u ministrice g\u0111e. Nasihe Pozder i predstavnika udruge ...\" \/>\n<meta property=\"og:url\" content=\"https:\/\/tourbih.ba\/en\/federalna-ministrica-nasiha-pozder-ugostila-predstavnike-udruge-herzegovinabike\/\" \/>\n<meta property=\"og:site_name\" content=\"Tour BiH\" \/>\n<meta property=\"article:published_time\" content=\"2026-01-01T11:32:35+00:00\" \/>\n<meta property=\"article:modified_time\" content=\"2026-03-01T09:07:24+00:00\" \/>\n<meta property=\"og:image\" content=\"https:\/\/tourbih.ba\/wp-content\/uploads\/2026\/01\/Nasiha-HerzegovinaBike-clanak-slika-naslovna-1024x683-1.jpg\" \/>\n\t<meta property=\"og:image:width\" content=\"1024\" \/>\n\t<meta property=\"og:image:height\" content=\"683\" \/>\n\t<meta property=\"og:image:type\" content=\"image\/jpeg\" \/>\n<meta name=\"author\" content=\"Toni Zori\u0107\" \/>\n<meta name=\"twitter:card\" content=\"summary_large_image\" \/>\n<meta name=\"twitter:label1\" content=\"Written by\" \/>\n\t<meta name=\"twitter:data1\" content=\"Toni Zori\u0107\" \/>\n\t<meta name=\"twitter:label2\" content=\"Est. reading time\" \/>\n\t<meta name=\"twitter:data2\" content=\"3 minutes\" \/>\n<script type=\"application\/ld+json\" class=\"yoast-schema-graph\">{\"@context\":\"https:\\\/\\\/schema.org\",\"@graph\":[{\"@type\":\"Article\",\"@id\":\"https:\\\/\\\/tourbih.ba\\\/federalna-ministrica-nasiha-pozder-ugostila-predstavnike-udruge-herzegovinabike\\\/#article\",\"isPartOf\":{\"@id\":\"https:\\\/\\\/tourbih.ba\\\/federalna-ministrica-nasiha-pozder-ugostila-predstavnike-udruge-herzegovinabike\\\/\"},\"author\":{\"name\":\"Toni Zori\u0107\",\"@id\":\"https:\\\/\\\/tourbih.ba\\\/#\\\/schema\\\/person\\\/3ce28fc85cd5bd49e722a414100cb01f\"},\"headline\":\"Federalna ministrica Nasiha Pozder ugostila predstavnike udruge HerzegovinaBike\",\"datePublished\":\"2026-01-01T11:32:35+00:00\",\"dateModified\":\"2026-03-01T09:07:24+00:00\",\"mainEntityOfPage\":{\"@id\":\"https:\\\/\\\/tourbih.ba\\\/federalna-ministrica-nasiha-pozder-ugostila-predstavnike-udruge-herzegovinabike\\\/\"},\"wordCount\":518,\"image\":{\"@id\":\"https:\\\/\\\/tourbih.ba\\\/federalna-ministrica-nasiha-pozder-ugostila-predstavnike-udruge-herzegovinabike\\\/#primaryimage\"},\"thumbnailUrl\":\"https:\\\/\\\/tourbih.ba\\\/wp-content\\\/uploads\\\/2026\\\/01\\\/Nasiha-HerzegovinaBike-clanak-slika-naslovna-1024x683-1.jpg\",\"keywords\":[\"biciklizam\",\"Bosna i Hercegvoina\",\"Kraljevska Etapa\",\"medunarodna biciklisticka utrka Tour BiH\",\"Toni Zoric\",\"Tour BiH\",\"Tour of Bosnia and Herzegovina\",\"tourbih\",\"uci\",\"uci kalendar\"],\"articleSection\":[\"\u010clanak\"],\"inLanguage\":\"en-US\"},{\"@type\":\"WebPage\",\"@id\":\"https:\\\/\\\/tourbih.ba\\\/federalna-ministrica-nasiha-pozder-ugostila-predstavnike-udruge-herzegovinabike\\\/\",\"url\":\"https:\\\/\\\/tourbih.ba\\\/federalna-ministrica-nasiha-pozder-ugostila-predstavnike-udruge-herzegovinabike\\\/\",\"name\":\"Federalna ministrica Nasiha Pozder ugostila predstavnike udruge HerzegovinaBike - Tour BiH\",\"isPartOf\":{\"@id\":\"https:\\\/\\\/tourbih.ba\\\/#website\"},\"primaryImageOfPage\":{\"@id\":\"https:\\\/\\\/tourbih.ba\\\/federalna-ministrica-nasiha-pozder-ugostila-predstavnike-udruge-herzegovinabike\\\/#primaryimage\"},\"image\":{\"@id\":\"https:\\\/\\\/tourbih.ba\\\/federalna-ministrica-nasiha-pozder-ugostila-predstavnike-udruge-herzegovinabike\\\/#primaryimage\"},\"thumbnailUrl\":\"https:\\\/\\\/tourbih.ba\\\/wp-content\\\/uploads\\\/2026\\\/01\\\/Nasiha-HerzegovinaBike-clanak-slika-naslovna-1024x683-1.jpg\",\"datePublished\":\"2026-01-01T11:32:35+00:00\",\"dateModified\":\"2026-03-01T09:07:24+00:00\",\"author\":{\"@id\":\"https:\\\/\\\/tourbih.ba\\\/#\\\/schema\\\/person\\\/3ce28fc85cd5bd49e722a414100cb01f\"},\"description\":\"U prostorijama Federalnog ministarstva okoli\u0161a i turizma odr\u017ean je sastanak izme\u0111u ministrice g\u0111e. Nasihe Pozder i predstavnika udruge ...\",\"breadcrumb\":{\"@id\":\"https:\\\/\\\/tourbih.ba\\\/federalna-ministrica-nasiha-pozder-ugostila-predstavnike-udruge-herzegovinabike\\\/#breadcrumb\"},\"inLanguage\":\"en-US\",\"potentialAction\":[{\"@type\":\"ReadAction\",\"target\":[\"https:\\\/\\\/tourbih.ba\\\/federalna-ministrica-nasiha-pozder-ugostila-predstavnike-udruge-herzegovinabike\\\/\"]}]},{\"@type\":\"ImageObject\",\"inLanguage\":\"en-US\",\"@id\":\"https:\\\/\\\/tourbih.ba\\\/federalna-ministrica-nasiha-pozder-ugostila-predstavnike-udruge-herzegovinabike\\\/#primaryimage\",\"url\":\"https:\\\/\\\/tourbih.ba\\\/wp-content\\\/uploads\\\/2026\\\/01\\\/Nasiha-HerzegovinaBike-clanak-slika-naslovna-1024x683-1.jpg\",\"contentUrl\":\"https:\\\/\\\/tourbih.ba\\\/wp-content\\\/uploads\\\/2026\\\/01\\\/Nasiha-HerzegovinaBike-clanak-slika-naslovna-1024x683-1.jpg\",\"width\":1024,\"height\":683},{\"@type\":\"BreadcrumbList\",\"@id\":\"https:\\\/\\\/tourbih.ba\\\/federalna-ministrica-nasiha-pozder-ugostila-predstavnike-udruge-herzegovinabike\\\/#breadcrumb\",\"itemListElement\":[{\"@type\":\"ListItem\",\"position\":1,\"name\":\"Home\",\"item\":\"https:\\\/\\\/tourbih.ba\\\/\"},{\"@type\":\"ListItem\",\"position\":2,\"name\":\"Federalna ministrica Nasiha Pozder ugostila predstavnike udruge HerzegovinaBike\"}]},{\"@type\":\"WebSite\",\"@id\":\"https:\\\/\\\/tourbih.ba\\\/#website\",\"url\":\"https:\\\/\\\/tourbih.ba\\\/\",\"name\":\"Tour BiH\",\"description\":\"\",\"potentialAction\":[{\"@type\":\"SearchAction\",\"target\":{\"@type\":\"EntryPoint\",\"urlTemplate\":\"https:\\\/\\\/tourbih.ba\\\/?s={search_term_string}\"},\"query-input\":{\"@type\":\"PropertyValueSpecification\",\"valueRequired\":true,\"valueName\":\"search_term_string\"}}],\"inLanguage\":\"en-US\"},{\"@type\":\"Person\",\"@id\":\"https:\\\/\\\/tourbih.ba\\\/#\\\/schema\\\/person\\\/3ce28fc85cd5bd49e722a414100cb01f\",\"name\":\"Toni Zori\u0107\",\"image\":{\"@type\":\"ImageObject\",\"inLanguage\":\"en-US\",\"@id\":\"https:\\\/\\\/secure.gravatar.com\\\/avatar\\\/63d39a2095b152f5992ddf9dd07b4676b12ce7b3529f846141dc517f7f5b5253?s=96&d=mm&r=g\",\"url\":\"https:\\\/\\\/secure.gravatar.com\\\/avatar\\\/63d39a2095b152f5992ddf9dd07b4676b12ce7b3529f846141dc517f7f5b5253?s=96&d=mm&r=g\",\"contentUrl\":\"https:\\\/\\\/secure.gravatar.com\\\/avatar\\\/63d39a2095b152f5992ddf9dd07b4676b12ce7b3529f846141dc517f7f5b5253?s=96&d=mm&r=g\",\"caption\":\"Toni Zori\u0107\"},\"sameAs\":[\"http:\\\/\\\/https.\\\/\\\/tourbih.ba\"],\"url\":\"https:\\\/\\\/tourbih.ba\\\/en\\\/author\\\/toniz\\\/\"}]}<\/script>\n<!-- \/ Yoast SEO Premium plugin. -->","yoast_head_json":{"title":"Federalna ministrica Nasiha Pozder ugostila predstavnike udruge HerzegovinaBike - Tour BiH","description":"U prostorijama Federalnog ministarstva okoli\u0161a i turizma odr\u017ean je sastanak izme\u0111u ministrice g\u0111e. Nasihe Pozder i predstavnika udruge ...","robots":{"index":"index","follow":"follow","max-snippet":"max-snippet:-1","max-image-preview":"max-image-preview:large","max-video-preview":"max-video-preview:-1"},"canonical":"https:\/\/tourbih.ba\/en\/federalna-ministrica-nasiha-pozder-ugostila-predstavnike-udruge-herzegovinabike\/","og_locale":"en_US","og_type":"article","og_title":"Federalna ministrica Nasiha Pozder ugostila predstavnike udruge HerzegovinaBike","og_description":"U prostorijama Federalnog ministarstva okoli\u0161a i turizma odr\u017ean je sastanak izme\u0111u ministrice g\u0111e. Nasihe Pozder i predstavnika udruge ...","og_url":"https:\/\/tourbih.ba\/en\/federalna-ministrica-nasiha-pozder-ugostila-predstavnike-udruge-herzegovinabike\/","og_site_name":"Tour BiH","article_published_time":"2026-01-01T11:32:35+00:00","article_modified_time":"2026-03-01T09:07:24+00:00","og_image":[{"width":1024,"height":683,"url":"https:\/\/tourbih.ba\/wp-content\/uploads\/2026\/01\/Nasiha-HerzegovinaBike-clanak-slika-naslovna-1024x683-1.jpg","type":"image\/jpeg"}],"author":"Toni Zori\u0107","twitter_card":"summary_large_image","twitter_misc":{"Written by":"Toni Zori\u0107","Est. reading time":"3 minutes"},"schema":{"@context":"https:\/\/schema.org","@graph":[{"@type":"Article","@id":"https:\/\/tourbih.ba\/federalna-ministrica-nasiha-pozder-ugostila-predstavnike-udruge-herzegovinabike\/#article","isPartOf":{"@id":"https:\/\/tourbih.ba\/federalna-ministrica-nasiha-pozder-ugostila-predstavnike-udruge-herzegovinabike\/"},"author":{"name":"Toni Zori\u0107","@id":"https:\/\/tourbih.ba\/#\/schema\/person\/3ce28fc85cd5bd49e722a414100cb01f"},"headline":"Federalna ministrica Nasiha Pozder ugostila predstavnike udruge HerzegovinaBike","datePublished":"2026-01-01T11:32:35+00:00","dateModified":"2026-03-01T09:07:24+00:00","mainEntityOfPage":{"@id":"https:\/\/tourbih.ba\/federalna-ministrica-nasiha-pozder-ugostila-predstavnike-udruge-herzegovinabike\/"},"wordCount":518,"image":{"@id":"https:\/\/tourbih.ba\/federalna-ministrica-nasiha-pozder-ugostila-predstavnike-udruge-herzegovinabike\/#primaryimage"},"thumbnailUrl":"https:\/\/tourbih.ba\/wp-content\/uploads\/2026\/01\/Nasiha-HerzegovinaBike-clanak-slika-naslovna-1024x683-1.jpg","keywords":["biciklizam","Bosna i Hercegvoina","Kraljevska Etapa","medunarodna biciklisticka utrka Tour BiH","Toni Zoric","Tour BiH","Tour of Bosnia and Herzegovina","tourbih","uci","uci kalendar"],"articleSection":["\u010clanak"],"inLanguage":"en-US"},{"@type":"WebPage","@id":"https:\/\/tourbih.ba\/federalna-ministrica-nasiha-pozder-ugostila-predstavnike-udruge-herzegovinabike\/","url":"https:\/\/tourbih.ba\/federalna-ministrica-nasiha-pozder-ugostila-predstavnike-udruge-herzegovinabike\/","name":"Federalna ministrica Nasiha Pozder ugostila predstavnike udruge HerzegovinaBike - Tour BiH","isPartOf":{"@id":"https:\/\/tourbih.ba\/#website"},"primaryImageOfPage":{"@id":"https:\/\/tourbih.ba\/federalna-ministrica-nasiha-pozder-ugostila-predstavnike-udruge-herzegovinabike\/#primaryimage"},"image":{"@id":"https:\/\/tourbih.ba\/federalna-ministrica-nasiha-pozder-ugostila-predstavnike-udruge-herzegovinabike\/#primaryimage"},"thumbnailUrl":"https:\/\/tourbih.ba\/wp-content\/uploads\/2026\/01\/Nasiha-HerzegovinaBike-clanak-slika-naslovna-1024x683-1.jpg","datePublished":"2026-01-01T11:32:35+00:00","dateModified":"2026-03-01T09:07:24+00:00","author":{"@id":"https:\/\/tourbih.ba\/#\/schema\/person\/3ce28fc85cd5bd49e722a414100cb01f"},"description":"U prostorijama Federalnog ministarstva okoli\u0161a i turizma odr\u017ean je sastanak izme\u0111u ministrice g\u0111e. Nasihe Pozder i predstavnika udruge ...","breadcrumb":{"@id":"https:\/\/tourbih.ba\/federalna-ministrica-nasiha-pozder-ugostila-predstavnike-udruge-herzegovinabike\/#breadcrumb"},"inLanguage":"en-US","potentialAction":[{"@type":"ReadAction","target":["https:\/\/tourbih.ba\/federalna-ministrica-nasiha-pozder-ugostila-predstavnike-udruge-herzegovinabike\/"]}]},{"@type":"ImageObject","inLanguage":"en-US","@id":"https:\/\/tourbih.ba\/federalna-ministrica-nasiha-pozder-ugostila-predstavnike-udruge-herzegovinabike\/#primaryimage","url":"https:\/\/tourbih.ba\/wp-content\/uploads\/2026\/01\/Nasiha-HerzegovinaBike-clanak-slika-naslovna-1024x683-1.jpg","contentUrl":"https:\/\/tourbih.ba\/wp-content\/uploads\/2026\/01\/Nasiha-HerzegovinaBike-clanak-slika-naslovna-1024x683-1.jpg","width":1024,"height":683},{"@type":"BreadcrumbList","@id":"https:\/\/tourbih.ba\/federalna-ministrica-nasiha-pozder-ugostila-predstavnike-udruge-herzegovinabike\/#breadcrumb","itemListElement":[{"@type":"ListItem","position":1,"name":"Home","item":"https:\/\/tourbih.ba\/"},{"@type":"ListItem","position":2,"name":"Federalna ministrica Nasiha Pozder ugostila predstavnike udruge HerzegovinaBike"}]},{"@type":"WebSite","@id":"https:\/\/tourbih.ba\/#website","url":"https:\/\/tourbih.ba\/","name":"Tour BiH","description":"","potentialAction":[{"@type":"SearchAction","target":{"@type":"EntryPoint","urlTemplate":"https:\/\/tourbih.ba\/?s={search_term_string}"},"query-input":{"@type":"PropertyValueSpecification","valueRequired":true,"valueName":"search_term_string"}}],"inLanguage":"en-US"},{"@type":"Person","@id":"https:\/\/tourbih.ba\/#\/schema\/person\/3ce28fc85cd5bd49e722a414100cb01f","name":"Toni Zori\u0107","image":{"@type":"ImageObject","inLanguage":"en-US","@id":"https:\/\/secure.gravatar.com\/avatar\/63d39a2095b152f5992ddf9dd07b4676b12ce7b3529f846141dc517f7f5b5253?s=96&d=mm&r=g","url":"https:\/\/secure.gravatar.com\/avatar\/63d39a2095b152f5992ddf9dd07b4676b12ce7b3529f846141dc517f7f5b5253?s=96&d=mm&r=g","contentUrl":"https:\/\/secure.gravatar.com\/avatar\/63d39a2095b152f5992ddf9dd07b4676b12ce7b3529f846141dc517f7f5b5253?s=96&d=mm&r=g","caption":"Toni Zori\u0107"},"sameAs":["http:\/\/https.\/\/tourbih.ba"],"url":"https:\/\/tourbih.ba\/en\/author\/toniz\/"}]}},"_links":{"self":[{"href":"https:\/\/tourbih.ba\/en\/wp-json\/wp\/v2\/posts\/3217","targetHints":{"allow":["GET"]}}],"collection":[{"href":"https:\/\/tourbih.ba\/en\/wp-json\/wp\/v2\/posts"}],"about":[{"href":"https:\/\/tourbih.ba\/en\/wp-json\/wp\/v2\/types\/post"}],"author":[{"embeddable":true,"href":"https:\/\/tourbih.ba\/en\/wp-json\/wp\/v2\/users\/2"}],"replies":[{"embeddable":true,"href":"https:\/\/tourbih.ba\/en\/wp-json\/wp\/v2\/comments?post=3217"}],"version-history":[{"count":5,"href":"https:\/\/tourbih.ba\/en\/wp-json\/wp\/v2\/posts\/3217\/revisions"}],"predecessor-version":[{"id":3930,"href":"https:\/\/tourbih.ba\/en\/wp-json\/wp\/v2\/posts\/3217\/revisions\/3930"}],"wp:featuredmedia":[{"embeddable":true,"href":"https:\/\/tourbih.ba\/en\/wp-json\/wp\/v2\/media\/3218"}],"wp:attachment":[{"href":"https:\/\/tourbih.ba\/en\/wp-json\/wp\/v2\/media?parent=3217"}],"wp:term":[{"taxonomy":"category","embeddable":true,"href":"https:\/\/tourbih.ba\/en\/wp-json\/wp\/v2\/categories?post=3217"},{"taxonomy":"post_tag","embeddable":true,"href":"https:\/\/tourbih.ba\/en\/wp-json\/wp\/v2\/tags?post=3217"}],"curies":[{"name":"wp","href":"https:\/\/api.w.org\/{rel}","templated":true}]}}