{"id":2893,"date":"2026-01-07T18:10:53","date_gmt":"2026-01-07T18:10:53","guid":{"rendered":"https:\/\/tourbih.ba\/?p=2893"},"modified":"2026-03-01T09:07:14","modified_gmt":"2026-03-01T09:07:14","slug":"bosna-i-hercegovina-dobiva-svoj-veliki-tour","status":"publish","type":"post","link":"https:\/\/tourbih.ba\/en\/bosna-i-hercegovina-dobiva-svoj-veliki-tour\/","title":{"rendered":"Bosna i Hercegovina dobiva svoj veliki Tour \u2013 najavljen \u201cTour of Bosnia and Herzegovina\u201d"},"content":{"rendered":"<p>SARAJEVO \u2013 Na danas odr\u017eanoj konferenciji za medije u glavnom gradu Bosne i Hercegovine, slu\u017ebeno je najavljen po\u010detak organizacije prvog izdanja me\u0111unarodne biciklisti\u010dke utrke \u201cTour of Bosnia and Herzegovina\u201d, sportskog doga\u0111aja koji \u0107e Bosnu i Hercegovinu pozicionirati na kartu velikih svjetskih biciklisti\u010dkih natjecanja.<\/p>\n\n\n\n<p>Utrka \u0107e se odr\u017eati u tri etape, a njena trasa simboli\u010dno spaja klju\u010dne regije i destinacije na\u0161e zemlje \u2013 od Sarajeva, preko Hercegovine, sve do Jadranskog mora. Rije\u010d je o doga\u0111aju koji ujedinjuje sport, turizam, kulturu i promociju prirodnih ljepota Bosne i Hercegovine.<\/p>\n\n\n\n<p>\u201c<em>Ovo je povijesni trenutak za na\u0161u zemlju, sretan sam jer sam prilikom svog imenovanja na mjesto predsjednika obe\u0107ao kako \u0107e Bosna i Hercegovina dobiti svoj veliki Tour, a trenutno smo jedina zemlja u regiji koja jo\u0161 uvijek nema svoju utrku. Ovim projektom ne samo da dosti\u017eemo regiju, nego pokazujemo da imamo kapacitete, stru\u010dne ljude i resurse za organizaciju vrhunskih me\u0111unarodnih sportskih doga\u0111aja<\/em>,\u201d izjavio je <strong>Toni Zori\u0107<\/strong>, predsjednik Biciklisit\u010dkog saveza BiH.<\/p>\n\n\n\n<div class=\"wp-block-columns is-layout-flex wp-container-core-columns-is-layout-9d6595d7 wp-block-columns-is-layout-flex\">\n<div class=\"wp-block-column is-layout-flow wp-block-column-is-layout-flow\">\n<figure class=\"wp-block-image size-large\"><img loading=\"lazy\" decoding=\"async\" width=\"1024\" height=\"683\" src=\"https:\/\/tourbih.ba\/wp-content\/uploads\/2026\/01\/Tour-of-BiH-slika-2-1024x683.jpg\" alt=\"\" class=\"wp-image-2896\" srcset=\"https:\/\/tourbih.ba\/wp-content\/uploads\/2026\/01\/Tour-of-BiH-slika-2-1024x683.jpg 1024w, https:\/\/tourbih.ba\/wp-content\/uploads\/2026\/01\/Tour-of-BiH-slika-2-300x200.jpg 300w, https:\/\/tourbih.ba\/wp-content\/uploads\/2026\/01\/Tour-of-BiH-slika-2-768x512.jpg 768w, https:\/\/tourbih.ba\/wp-content\/uploads\/2026\/01\/Tour-of-BiH-slika-2-1536x1024.jpg 1536w, https:\/\/tourbih.ba\/wp-content\/uploads\/2026\/01\/Tour-of-BiH-slika-2-18x12.jpg 18w, https:\/\/tourbih.ba\/wp-content\/uploads\/2026\/01\/Tour-of-BiH-slika-2-1500x1000.jpg 1500w, https:\/\/tourbih.ba\/wp-content\/uploads\/2026\/01\/Tour-of-BiH-slika-2.jpg 1600w\" sizes=\"auto, (max-width: 1024px) 100vw, 1024px\" \/><\/figure>\n<\/div>\n\n\n\n<div class=\"wp-block-column is-layout-flow wp-block-column-is-layout-flow\">\n<figure class=\"wp-block-image size-large\"><img loading=\"lazy\" decoding=\"async\" width=\"1024\" height=\"683\" src=\"https:\/\/tourbih.ba\/wp-content\/uploads\/2026\/01\/Tour-of-BiH-slika-4-1024x683.jpg\" alt=\"\" class=\"wp-image-2897\" srcset=\"https:\/\/tourbih.ba\/wp-content\/uploads\/2026\/01\/Tour-of-BiH-slika-4-1024x683.jpg 1024w, https:\/\/tourbih.ba\/wp-content\/uploads\/2026\/01\/Tour-of-BiH-slika-4-300x200.jpg 300w, https:\/\/tourbih.ba\/wp-content\/uploads\/2026\/01\/Tour-of-BiH-slika-4-768x512.jpg 768w, https:\/\/tourbih.ba\/wp-content\/uploads\/2026\/01\/Tour-of-BiH-slika-4-1536x1024.jpg 1536w, https:\/\/tourbih.ba\/wp-content\/uploads\/2026\/01\/Tour-of-BiH-slika-4-18x12.jpg 18w, https:\/\/tourbih.ba\/wp-content\/uploads\/2026\/01\/Tour-of-BiH-slika-4-1500x1000.jpg 1500w, https:\/\/tourbih.ba\/wp-content\/uploads\/2026\/01\/Tour-of-BiH-slika-4.jpg 1600w\" sizes=\"auto, (max-width: 1024px) 100vw, 1024px\" \/><\/figure>\n<\/div>\n<\/div>\n\n\n\n<p><strong>Tri etape \u2013 tri pri\u010de o Bosni i Hercegovini<\/strong><\/p>\n\n\n\n<p>Prva etapa utrke kre\u0107e iz Sarajeva, a biciklisti\u010dka karavana \u0107e se kretati kroz Konjic i Jablanicu, sve do Mostara, gdje \u0107e biti i cilj prve etape. Ova dionica simboli\u010dno povezuje glavni grad s biserom Hercegovine, voze\u0107i se kroz netaknute prirodne ljepote doline Neretve.<\/p>\n\n\n\n<p>Druga etapa starta iz Mostara, prolazi kroz \u010capljinu i zavr\u0161ava u Ljubu\u0161kom, gradu bogate kulturne ba\u0161tine i mediteranske atmosfere.<\/p>\n\n\n\n<p>Zavr\u0161na, tre\u0107a etapa kre\u0107e iz Ljubu\u0161kog i vodi preko Stoca sve do Neuma, jedinog bh. grada na Jadranskom moru, \u010dime se utrka simboli\u010dno zavr\u0161ava izlaskom na otvoreno more.<\/p>\n\n\n\n<p>\u201d<em>Bili smo u prilici u proteklom razdoblju razgovarati sa predstavnicima spomenutih gradova i svi su bili odu\u0161evljeni sa idejom za organiziranje utrke kroz njihove gradove, to nam ulijeva povjerenje da \u0107e cijeli doga\u0111aj prote\u0107i u odli\u010dnoj organizaciji<\/em>\u201d, dodao je <strong>Toni Zori\u0107<\/strong>.<\/p>\n\n\n<div class=\"wp-block-image\">\n<figure class=\"aligncenter size-large\"><img loading=\"lazy\" decoding=\"async\" width=\"1024\" height=\"683\" src=\"https:\/\/tourbih.ba\/wp-content\/uploads\/2026\/01\/Tour-of-BiH-slika-1-1024x683.jpg\" alt=\"\" class=\"wp-image-2895\" srcset=\"https:\/\/tourbih.ba\/wp-content\/uploads\/2026\/01\/Tour-of-BiH-slika-1-1024x683.jpg 1024w, https:\/\/tourbih.ba\/wp-content\/uploads\/2026\/01\/Tour-of-BiH-slika-1-300x200.jpg 300w, https:\/\/tourbih.ba\/wp-content\/uploads\/2026\/01\/Tour-of-BiH-slika-1-768x512.jpg 768w, https:\/\/tourbih.ba\/wp-content\/uploads\/2026\/01\/Tour-of-BiH-slika-1-1536x1024.jpg 1536w, https:\/\/tourbih.ba\/wp-content\/uploads\/2026\/01\/Tour-of-BiH-slika-1-18x12.jpg 18w, https:\/\/tourbih.ba\/wp-content\/uploads\/2026\/01\/Tour-of-BiH-slika-1-1500x1000.jpg 1500w, https:\/\/tourbih.ba\/wp-content\/uploads\/2026\/01\/Tour-of-BiH-slika-1.jpg 1600w\" sizes=\"auto, (max-width: 1024px) 100vw, 1024px\" \/><\/figure>\n<\/div>\n\n\n<p><strong>Podr\u0161ka lokalnih zajednica i me\u0111unarodnih institucija<\/strong><\/p>\n\n\n\n<p>Ve\u0107 su odr\u017eani prvi sastanci s gradona\u010delnicima i na\u010delnicima gradova doma\u0107ina koji su sa odu\u0161evljenjem podr\u017eali inicijativu i izrazili spremnost za suradnju. Entuzijazam i jedinstvo na terenu pokazali su i biciklisti\u010dki klubovi iz cijele zemlje koji se poistovje\u0107uju s projektom i spremni su pru\u017eiti logisti\u010dku i tehni\u010dku podr\u0161ku.<\/p>\n\n\n\n<p>Sve \u0161to promovi\u0161e i integri\u0161e dr\u017eavu Bosnu i Hercegovinu, sve \u0161to njene resurse \u010dini vidljivima, Olimpijski komitet BiH podr\u017eava, kazao je predsjednik OK BiH, akademik prof.dr. Izet Ra\u0111o.<\/p>\n\n\n\n<p>\u201c<em>Organizacijom ovog vrhunskog biciklisti\u010dkog takmi\u010denja dobit \u0107emo platformu na kojoj \u0107e na\u0161e mlade olimpijske nade i vrhunski sportisti dobiti priliku da na doma\u0107em terenu, a u me\u0111unarodnom okru\u017eenju pobolj\u0161aju i unaprijede svoje biciklisti\u010dke vje\u0161tine kako bi jednog dana te iste vje\u0161tine pokazali na olimpijskim igrama<\/em>.<\/p>\n\n\n\n<p><em>Podr\u017eavamo predsjednika Biciklisti\u010dkog saveza BiH Tonija Zori\u0107a i sve ovakve ideje koje \u0107e biti realizirane u budu\u0107nosti. Mi \u0107emo pored znaka OK BiH potruditi se da povu\u010demo dio finansija od na\u0161ih partnera koje \u0107emo investirati u ovaj projekat. Tako\u0111er \u0107emo pozvati odgovorne iz onih regija kuda bude prolazila trka da shvate da je ulaganje u ovaj projekat ulaganje u promociju njihovih zajednica i bogatstava koje posjeduju<\/em>.\u201d<\/p>\n\n\n\n<p>Utrka ve\u0107 sna\u017enu potporu Me\u0111unarodne biciklisti\u010dke federacije (UCI), kao i Europske i Balkanske biciklisti\u010dke federacije, dok je na\u0161a krovna institucija Biciklisti\u010dki savez Bosne i Hercegovine neisklju\u010diva spona ovog doga\u0111aja.<\/p>\n\n\n<div class=\"wp-block-image\">\n<figure class=\"aligncenter size-large\"><img loading=\"lazy\" decoding=\"async\" width=\"1024\" height=\"683\" src=\"https:\/\/tourbih.ba\/wp-content\/uploads\/2026\/01\/Tour-of-BiH-slika-5-1024x683.jpg\" alt=\"\" class=\"wp-image-2898\" srcset=\"https:\/\/tourbih.ba\/wp-content\/uploads\/2026\/01\/Tour-of-BiH-slika-5-1024x683.jpg 1024w, https:\/\/tourbih.ba\/wp-content\/uploads\/2026\/01\/Tour-of-BiH-slika-5-300x200.jpg 300w, https:\/\/tourbih.ba\/wp-content\/uploads\/2026\/01\/Tour-of-BiH-slika-5-768x512.jpg 768w, https:\/\/tourbih.ba\/wp-content\/uploads\/2026\/01\/Tour-of-BiH-slika-5-1536x1024.jpg 1536w, https:\/\/tourbih.ba\/wp-content\/uploads\/2026\/01\/Tour-of-BiH-slika-5-18x12.jpg 18w, https:\/\/tourbih.ba\/wp-content\/uploads\/2026\/01\/Tour-of-BiH-slika-5-1500x1000.jpg 1500w, https:\/\/tourbih.ba\/wp-content\/uploads\/2026\/01\/Tour-of-BiH-slika-5.jpg 1600w\" sizes=\"auto, (max-width: 1024px) 100vw, 1024px\" \/><\/figure>\n<\/div>\n\n\n<p><strong>Vi\u0161e od sporta<\/strong><\/p>\n\n\n\n<p>\u201cTour of Bosnia and Herzegovina\u201d ne\u0107e biti samo sportski spektakl \u2013 to je projekt koji ima potencijal pokrenuti val pozitivne promocije na\u0161e zemlje \u0161irom Europe i svijeta. Primjeri poput Albanije, koja ove godine pored vlastitog Toura organizira i etapu legendarnog Giro d\u2019Italia, pokazatelj su koliko biciklisti\u010dki sport mo\u017ee doprinijeti razvoju turizma, gospodarstva i me\u0111unarodne percepcije zemlje.<\/p>\n\n\n\n<p>\u201c<em>Na\u0161i sportski radnici imaju znanje i iskustvo u organizaciji ovih doga\u0111aja. Sada je na institucijama da prepoznaju va\u017enost ovog doga\u0111aja i daju svoju podr\u0161ku, jer bez njihove potpore ovaj projekt ne\u0107e biti mogu\u0107e realizirati na razini koju zaslu\u017euje Bosna i Hercegovina<\/em>,\u201d dodao je Zori\u0107.<\/p>\n\n\n\n<p>Ovo je doga\u0111aj u kojem je cijela Bosna i Hercegovina jedna velika sportska arena. Ova utrka je prilika da Bosna i Hercegovina ispri\u010da svoju pri\u010du \u2013 o prirodnim ljepotama, kulturnom bogatstvu, gostoljubivosti naroda i sportskoj ambiciji koja ne poznaje granice.<\/p>","protected":false},"excerpt":{"rendered":"<p>SARAJEVO \u2013 Na danas odr\u017eanoj konferenciji za medije u glavnom gradu Bosne i Hercegovine, slu\u017ebeno je najavljen po\u010detak organizacije prvog izdanja me\u0111unarodne biciklisti\u010dke utrke \u201cTour of Bosnia and Herzegovina\u201d, sportskog doga\u0111aja koji \u0107e Bosnu i Hercegovinu pozicionirati na kartu velikih svjetskih biciklisti\u010dkih natjecanja. Utrka \u0107e se odr\u017eati u tri etape, a njena trasa simboli\u010dno spaja [&hellip;]<\/p>\n","protected":false},"author":2,"featured_media":2899,"comment_status":"closed","ping_status":"closed","sticky":false,"template":"","format":"standard","meta":{"footnotes":""},"categories":[1],"tags":[65,63,62,67,66,61,64,60,68,69],"class_list":["post-2893","post","type-post","status-publish","format-standard","has-post-thumbnail","hentry","category-uncategorized","tag-biciklizam","tag-bosna-i-hercegvoina","tag-kraljevska-etapa","tag-medunarodna-biciklisticka-utrka-tour-bih","tag-toni-zoric","tag-tour-bih","tag-tour-of-bosnia-and-herzegovina","tag-tourbih","tag-uci","tag-uci-kalendar"],"yoast_head":"<!-- This site is optimized with the Yoast SEO Premium plugin v26.7 (Yoast SEO v27.5) - https:\/\/yoast.com\/product\/yoast-seo-premium-wordpress\/ -->\n<title>Bosna i Hercegovina dobiva svoj veliki Tour \u2013 najavljen \u201cTour of Bosnia and Herzegovina\u201d - Tour BiH<\/title>\n<meta name=\"description\" content=\"Na danas odr\u017eanoj konferenciji za medije u glavnom gradu Bosne i Hercegovine,najavljen je po\u010detak organizacije Tour of Bosnia and Herzegovina\" \/>\n<meta name=\"robots\" content=\"index, follow, max-snippet:-1, max-image-preview:large, max-video-preview:-1\" \/>\n<link rel=\"canonical\" href=\"https:\/\/tourbih.ba\/en\/bosna-i-hercegovina-dobiva-svoj-veliki-tour\/\" \/>\n<meta property=\"og:locale\" content=\"en_US\" \/>\n<meta property=\"og:type\" content=\"article\" \/>\n<meta property=\"og:title\" content=\"Bosna i Hercegovina dobiva svoj veliki Tour \u2013 najavljen \u201cTour of Bosnia and Herzegovina\u201d\" \/>\n<meta property=\"og:description\" content=\"Na danas odr\u017eanoj konferenciji za medije u glavnom gradu Bosne i Hercegovine,najavljen je po\u010detak organizacije Tour of Bosnia and Herzegovina\" \/>\n<meta property=\"og:url\" content=\"https:\/\/tourbih.ba\/en\/bosna-i-hercegovina-dobiva-svoj-veliki-tour\/\" \/>\n<meta property=\"og:site_name\" content=\"Tour BiH\" \/>\n<meta property=\"article:published_time\" content=\"2026-01-07T18:10:53+00:00\" \/>\n<meta property=\"article:modified_time\" content=\"2026-03-01T09:07:14+00:00\" \/>\n<meta property=\"og:image\" content=\"https:\/\/tourbih.ba\/wp-content\/uploads\/2026\/01\/Tour-BiH-clanak-slika-6.jpg\" \/>\n\t<meta property=\"og:image:width\" content=\"1200\" \/>\n\t<meta property=\"og:image:height\" content=\"800\" \/>\n\t<meta property=\"og:image:type\" content=\"image\/jpeg\" \/>\n<meta name=\"author\" content=\"Toni Zori\u0107\" \/>\n<meta name=\"twitter:card\" content=\"summary_large_image\" \/>\n<meta name=\"twitter:label1\" content=\"Written by\" \/>\n\t<meta name=\"twitter:data1\" content=\"Toni Zori\u0107\" \/>\n\t<meta name=\"twitter:label2\" content=\"Est. reading time\" \/>\n\t<meta name=\"twitter:data2\" content=\"5 minutes\" \/>\n<script type=\"application\/ld+json\" class=\"yoast-schema-graph\">{\"@context\":\"https:\\\/\\\/schema.org\",\"@graph\":[{\"@type\":\"Article\",\"@id\":\"https:\\\/\\\/tourbih.ba\\\/bosna-i-hercegovina-dobiva-svoj-veliki-tour\\\/#article\",\"isPartOf\":{\"@id\":\"https:\\\/\\\/tourbih.ba\\\/bosna-i-hercegovina-dobiva-svoj-veliki-tour\\\/\"},\"author\":{\"name\":\"Toni Zori\u0107\",\"@id\":\"https:\\\/\\\/tourbih.ba\\\/#\\\/schema\\\/person\\\/3ce28fc85cd5bd49e722a414100cb01f\"},\"headline\":\"Bosna i Hercegovina dobiva svoj veliki Tour \u2013 najavljen \u201cTour of Bosnia and Herzegovina\u201d\",\"datePublished\":\"2026-01-07T18:10:53+00:00\",\"dateModified\":\"2026-03-01T09:07:14+00:00\",\"mainEntityOfPage\":{\"@id\":\"https:\\\/\\\/tourbih.ba\\\/bosna-i-hercegovina-dobiva-svoj-veliki-tour\\\/\"},\"wordCount\":769,\"image\":{\"@id\":\"https:\\\/\\\/tourbih.ba\\\/bosna-i-hercegovina-dobiva-svoj-veliki-tour\\\/#primaryimage\"},\"thumbnailUrl\":\"https:\\\/\\\/tourbih.ba\\\/wp-content\\\/uploads\\\/2026\\\/01\\\/Tour-BiH-clanak-slika-6.jpg\",\"keywords\":[\"biciklizam\",\"Bosna i Hercegvoina\",\"Kraljevska Etapa\",\"medunarodna biciklisticka utrka Tour BiH\",\"Toni Zoric\",\"Tour BiH\",\"Tour of Bosnia and Herzegovina\",\"tourbih\",\"uci\",\"uci kalendar\"],\"inLanguage\":\"en-US\"},{\"@type\":\"WebPage\",\"@id\":\"https:\\\/\\\/tourbih.ba\\\/bosna-i-hercegovina-dobiva-svoj-veliki-tour\\\/\",\"url\":\"https:\\\/\\\/tourbih.ba\\\/bosna-i-hercegovina-dobiva-svoj-veliki-tour\\\/\",\"name\":\"Bosna i Hercegovina dobiva svoj veliki Tour \u2013 najavljen \u201cTour of Bosnia and Herzegovina\u201d - Tour BiH\",\"isPartOf\":{\"@id\":\"https:\\\/\\\/tourbih.ba\\\/#website\"},\"primaryImageOfPage\":{\"@id\":\"https:\\\/\\\/tourbih.ba\\\/bosna-i-hercegovina-dobiva-svoj-veliki-tour\\\/#primaryimage\"},\"image\":{\"@id\":\"https:\\\/\\\/tourbih.ba\\\/bosna-i-hercegovina-dobiva-svoj-veliki-tour\\\/#primaryimage\"},\"thumbnailUrl\":\"https:\\\/\\\/tourbih.ba\\\/wp-content\\\/uploads\\\/2026\\\/01\\\/Tour-BiH-clanak-slika-6.jpg\",\"datePublished\":\"2026-01-07T18:10:53+00:00\",\"dateModified\":\"2026-03-01T09:07:14+00:00\",\"author\":{\"@id\":\"https:\\\/\\\/tourbih.ba\\\/#\\\/schema\\\/person\\\/3ce28fc85cd5bd49e722a414100cb01f\"},\"description\":\"Na danas odr\u017eanoj konferenciji za medije u glavnom gradu Bosne i Hercegovine,najavljen je po\u010detak organizacije Tour of Bosnia and Herzegovina\",\"breadcrumb\":{\"@id\":\"https:\\\/\\\/tourbih.ba\\\/bosna-i-hercegovina-dobiva-svoj-veliki-tour\\\/#breadcrumb\"},\"inLanguage\":\"en-US\",\"potentialAction\":[{\"@type\":\"ReadAction\",\"target\":[\"https:\\\/\\\/tourbih.ba\\\/bosna-i-hercegovina-dobiva-svoj-veliki-tour\\\/\"]}]},{\"@type\":\"ImageObject\",\"inLanguage\":\"en-US\",\"@id\":\"https:\\\/\\\/tourbih.ba\\\/bosna-i-hercegovina-dobiva-svoj-veliki-tour\\\/#primaryimage\",\"url\":\"https:\\\/\\\/tourbih.ba\\\/wp-content\\\/uploads\\\/2026\\\/01\\\/Tour-BiH-clanak-slika-6.jpg\",\"contentUrl\":\"https:\\\/\\\/tourbih.ba\\\/wp-content\\\/uploads\\\/2026\\\/01\\\/Tour-BiH-clanak-slika-6.jpg\",\"width\":1200,\"height\":800},{\"@type\":\"BreadcrumbList\",\"@id\":\"https:\\\/\\\/tourbih.ba\\\/bosna-i-hercegovina-dobiva-svoj-veliki-tour\\\/#breadcrumb\",\"itemListElement\":[{\"@type\":\"ListItem\",\"position\":1,\"name\":\"Home\",\"item\":\"https:\\\/\\\/tourbih.ba\\\/\"},{\"@type\":\"ListItem\",\"position\":2,\"name\":\"Bosna i Hercegovina dobiva svoj veliki Tour \u2013 najavljen \u201cTour of Bosnia and Herzegovina\u201d\"}]},{\"@type\":\"WebSite\",\"@id\":\"https:\\\/\\\/tourbih.ba\\\/#website\",\"url\":\"https:\\\/\\\/tourbih.ba\\\/\",\"name\":\"Tour BiH\",\"description\":\"\",\"potentialAction\":[{\"@type\":\"SearchAction\",\"target\":{\"@type\":\"EntryPoint\",\"urlTemplate\":\"https:\\\/\\\/tourbih.ba\\\/?s={search_term_string}\"},\"query-input\":{\"@type\":\"PropertyValueSpecification\",\"valueRequired\":true,\"valueName\":\"search_term_string\"}}],\"inLanguage\":\"en-US\"},{\"@type\":\"Person\",\"@id\":\"https:\\\/\\\/tourbih.ba\\\/#\\\/schema\\\/person\\\/3ce28fc85cd5bd49e722a414100cb01f\",\"name\":\"Toni Zori\u0107\",\"image\":{\"@type\":\"ImageObject\",\"inLanguage\":\"en-US\",\"@id\":\"https:\\\/\\\/secure.gravatar.com\\\/avatar\\\/63d39a2095b152f5992ddf9dd07b4676b12ce7b3529f846141dc517f7f5b5253?s=96&d=mm&r=g\",\"url\":\"https:\\\/\\\/secure.gravatar.com\\\/avatar\\\/63d39a2095b152f5992ddf9dd07b4676b12ce7b3529f846141dc517f7f5b5253?s=96&d=mm&r=g\",\"contentUrl\":\"https:\\\/\\\/secure.gravatar.com\\\/avatar\\\/63d39a2095b152f5992ddf9dd07b4676b12ce7b3529f846141dc517f7f5b5253?s=96&d=mm&r=g\",\"caption\":\"Toni Zori\u0107\"},\"sameAs\":[\"http:\\\/\\\/https.\\\/\\\/tourbih.ba\"],\"url\":\"https:\\\/\\\/tourbih.ba\\\/en\\\/author\\\/toniz\\\/\"}]}<\/script>\n<!-- \/ Yoast SEO Premium plugin. -->","yoast_head_json":{"title":"Bosna i Hercegovina dobiva svoj veliki Tour \u2013 najavljen \u201cTour of Bosnia and Herzegovina\u201d - Tour BiH","description":"Na danas odr\u017eanoj konferenciji za medije u glavnom gradu Bosne i Hercegovine,najavljen je po\u010detak organizacije Tour of Bosnia and Herzegovina","robots":{"index":"index","follow":"follow","max-snippet":"max-snippet:-1","max-image-preview":"max-image-preview:large","max-video-preview":"max-video-preview:-1"},"canonical":"https:\/\/tourbih.ba\/en\/bosna-i-hercegovina-dobiva-svoj-veliki-tour\/","og_locale":"en_US","og_type":"article","og_title":"Bosna i Hercegovina dobiva svoj veliki Tour \u2013 najavljen \u201cTour of Bosnia and Herzegovina\u201d","og_description":"Na danas odr\u017eanoj konferenciji za medije u glavnom gradu Bosne i Hercegovine,najavljen je po\u010detak organizacije Tour of Bosnia and Herzegovina","og_url":"https:\/\/tourbih.ba\/en\/bosna-i-hercegovina-dobiva-svoj-veliki-tour\/","og_site_name":"Tour BiH","article_published_time":"2026-01-07T18:10:53+00:00","article_modified_time":"2026-03-01T09:07:14+00:00","og_image":[{"width":1200,"height":800,"url":"https:\/\/tourbih.ba\/wp-content\/uploads\/2026\/01\/Tour-BiH-clanak-slika-6.jpg","type":"image\/jpeg"}],"author":"Toni Zori\u0107","twitter_card":"summary_large_image","twitter_misc":{"Written by":"Toni Zori\u0107","Est. reading time":"5 minutes"},"schema":{"@context":"https:\/\/schema.org","@graph":[{"@type":"Article","@id":"https:\/\/tourbih.ba\/bosna-i-hercegovina-dobiva-svoj-veliki-tour\/#article","isPartOf":{"@id":"https:\/\/tourbih.ba\/bosna-i-hercegovina-dobiva-svoj-veliki-tour\/"},"author":{"name":"Toni Zori\u0107","@id":"https:\/\/tourbih.ba\/#\/schema\/person\/3ce28fc85cd5bd49e722a414100cb01f"},"headline":"Bosna i Hercegovina dobiva svoj veliki Tour \u2013 najavljen \u201cTour of Bosnia and Herzegovina\u201d","datePublished":"2026-01-07T18:10:53+00:00","dateModified":"2026-03-01T09:07:14+00:00","mainEntityOfPage":{"@id":"https:\/\/tourbih.ba\/bosna-i-hercegovina-dobiva-svoj-veliki-tour\/"},"wordCount":769,"image":{"@id":"https:\/\/tourbih.ba\/bosna-i-hercegovina-dobiva-svoj-veliki-tour\/#primaryimage"},"thumbnailUrl":"https:\/\/tourbih.ba\/wp-content\/uploads\/2026\/01\/Tour-BiH-clanak-slika-6.jpg","keywords":["biciklizam","Bosna i Hercegvoina","Kraljevska Etapa","medunarodna biciklisticka utrka Tour BiH","Toni Zoric","Tour BiH","Tour of Bosnia and Herzegovina","tourbih","uci","uci kalendar"],"inLanguage":"en-US"},{"@type":"WebPage","@id":"https:\/\/tourbih.ba\/bosna-i-hercegovina-dobiva-svoj-veliki-tour\/","url":"https:\/\/tourbih.ba\/bosna-i-hercegovina-dobiva-svoj-veliki-tour\/","name":"Bosna i Hercegovina dobiva svoj veliki Tour \u2013 najavljen \u201cTour of Bosnia and Herzegovina\u201d - Tour BiH","isPartOf":{"@id":"https:\/\/tourbih.ba\/#website"},"primaryImageOfPage":{"@id":"https:\/\/tourbih.ba\/bosna-i-hercegovina-dobiva-svoj-veliki-tour\/#primaryimage"},"image":{"@id":"https:\/\/tourbih.ba\/bosna-i-hercegovina-dobiva-svoj-veliki-tour\/#primaryimage"},"thumbnailUrl":"https:\/\/tourbih.ba\/wp-content\/uploads\/2026\/01\/Tour-BiH-clanak-slika-6.jpg","datePublished":"2026-01-07T18:10:53+00:00","dateModified":"2026-03-01T09:07:14+00:00","author":{"@id":"https:\/\/tourbih.ba\/#\/schema\/person\/3ce28fc85cd5bd49e722a414100cb01f"},"description":"Na danas odr\u017eanoj konferenciji za medije u glavnom gradu Bosne i Hercegovine,najavljen je po\u010detak organizacije Tour of Bosnia and Herzegovina","breadcrumb":{"@id":"https:\/\/tourbih.ba\/bosna-i-hercegovina-dobiva-svoj-veliki-tour\/#breadcrumb"},"inLanguage":"en-US","potentialAction":[{"@type":"ReadAction","target":["https:\/\/tourbih.ba\/bosna-i-hercegovina-dobiva-svoj-veliki-tour\/"]}]},{"@type":"ImageObject","inLanguage":"en-US","@id":"https:\/\/tourbih.ba\/bosna-i-hercegovina-dobiva-svoj-veliki-tour\/#primaryimage","url":"https:\/\/tourbih.ba\/wp-content\/uploads\/2026\/01\/Tour-BiH-clanak-slika-6.jpg","contentUrl":"https:\/\/tourbih.ba\/wp-content\/uploads\/2026\/01\/Tour-BiH-clanak-slika-6.jpg","width":1200,"height":800},{"@type":"BreadcrumbList","@id":"https:\/\/tourbih.ba\/bosna-i-hercegovina-dobiva-svoj-veliki-tour\/#breadcrumb","itemListElement":[{"@type":"ListItem","position":1,"name":"Home","item":"https:\/\/tourbih.ba\/"},{"@type":"ListItem","position":2,"name":"Bosna i Hercegovina dobiva svoj veliki Tour \u2013 najavljen \u201cTour of Bosnia and Herzegovina\u201d"}]},{"@type":"WebSite","@id":"https:\/\/tourbih.ba\/#website","url":"https:\/\/tourbih.ba\/","name":"Tour BiH","description":"","potentialAction":[{"@type":"SearchAction","target":{"@type":"EntryPoint","urlTemplate":"https:\/\/tourbih.ba\/?s={search_term_string}"},"query-input":{"@type":"PropertyValueSpecification","valueRequired":true,"valueName":"search_term_string"}}],"inLanguage":"en-US"},{"@type":"Person","@id":"https:\/\/tourbih.ba\/#\/schema\/person\/3ce28fc85cd5bd49e722a414100cb01f","name":"Toni Zori\u0107","image":{"@type":"ImageObject","inLanguage":"en-US","@id":"https:\/\/secure.gravatar.com\/avatar\/63d39a2095b152f5992ddf9dd07b4676b12ce7b3529f846141dc517f7f5b5253?s=96&d=mm&r=g","url":"https:\/\/secure.gravatar.com\/avatar\/63d39a2095b152f5992ddf9dd07b4676b12ce7b3529f846141dc517f7f5b5253?s=96&d=mm&r=g","contentUrl":"https:\/\/secure.gravatar.com\/avatar\/63d39a2095b152f5992ddf9dd07b4676b12ce7b3529f846141dc517f7f5b5253?s=96&d=mm&r=g","caption":"Toni Zori\u0107"},"sameAs":["http:\/\/https.\/\/tourbih.ba"],"url":"https:\/\/tourbih.ba\/en\/author\/toniz\/"}]}},"_links":{"self":[{"href":"https:\/\/tourbih.ba\/en\/wp-json\/wp\/v2\/posts\/2893","targetHints":{"allow":["GET"]}}],"collection":[{"href":"https:\/\/tourbih.ba\/en\/wp-json\/wp\/v2\/posts"}],"about":[{"href":"https:\/\/tourbih.ba\/en\/wp-json\/wp\/v2\/types\/post"}],"author":[{"embeddable":true,"href":"https:\/\/tourbih.ba\/en\/wp-json\/wp\/v2\/users\/2"}],"replies":[{"embeddable":true,"href":"https:\/\/tourbih.ba\/en\/wp-json\/wp\/v2\/comments?post=2893"}],"version-history":[{"count":5,"href":"https:\/\/tourbih.ba\/en\/wp-json\/wp\/v2\/posts\/2893\/revisions"}],"predecessor-version":[{"id":3917,"href":"https:\/\/tourbih.ba\/en\/wp-json\/wp\/v2\/posts\/2893\/revisions\/3917"}],"wp:featuredmedia":[{"embeddable":true,"href":"https:\/\/tourbih.ba\/en\/wp-json\/wp\/v2\/media\/2899"}],"wp:attachment":[{"href":"https:\/\/tourbih.ba\/en\/wp-json\/wp\/v2\/media?parent=2893"}],"wp:term":[{"taxonomy":"category","embeddable":true,"href":"https:\/\/tourbih.ba\/en\/wp-json\/wp\/v2\/categories?post=2893"},{"taxonomy":"post_tag","embeddable":true,"href":"https:\/\/tourbih.ba\/en\/wp-json\/wp\/v2\/tags?post=2893"}],"curies":[{"name":"wp","href":"https:\/\/api.w.org\/{rel}","templated":true}]}}