{"id":2660,"date":"2026-01-09T19:35:06","date_gmt":"2026-01-09T19:35:06","guid":{"rendered":"https:\/\/tourbih.ba\/?p=2660"},"modified":"2026-03-01T09:07:12","modified_gmt":"2026-03-01T09:07:12","slug":"francuski-veleposlanik-organizaciju-tour-of-bih","status":"publish","type":"post","link":"https:\/\/tourbih.ba\/en\/francuski-veleposlanik-organizaciju-tour-of-bih\/","title":{"rendered":"The French ambassador to BiH supported the \"Tour of Bosnia and Herzegovina\" organization"},"content":{"rendered":"<p class=\"has-text-align-center\"><strong>Me\u0111unarodna podr\u0161ka najve\u0107em biciklisti\u010dkom projektu u Bosni i Hercegovini<\/strong><\/p>\n\n\n\n<p>U prostorijama Olimpijskog komiteta Bosne i Hercegovine odr\u017ean je radni sastanak organizacijskog tima me\u0111unarodne biciklisti\u010dke utrke Tour of Bosnia and Herzegovina s veleposlanikom Republike Francuske u Bosni i Hercegovini, Nj. E. Fran\u00e7oisom Delmasom. Sastanku su prisustvovali Toni Zori\u0107, direktor utrke i predsjednik Biciklisti\u010dkog saveza Bosne i Hercegovine, te Branislav Stojki\u0107, izvr\u0161ni direktor Tour of Bosnia and Herzegovina.<\/p>\n\n\n\n<p>U konstruktivnoj i iznimno pozitivnoj atmosferi predstavljena je cjelokupna vizija projekta Tour of Bosnia and Herzegovina, planirana za odr\u017eavanje od 16. do 19. travnja 2026. godine, kao i \u0161iri kontekst razvoja biciklizma i cikloturizma u Bosni i Hercegovini.<\/p>\n\n\n\n\n\n<p><strong>Odu\u0161evljenje projektom i razvojem biciklizma u BiH<\/strong><\/p>\n\n\n\n<p>Tijekom sastanka veleposlaniku Delmasu predstavljene su brojne aktivnosti koje su u proteklim godinama provedene na razvoju biciklizma i cikloturizma, s posebnim naglaskom na projekte i inicijative koje je realizirala udruga HerzegovinaBike \u0161irom Bosne i Hercegovine. Razvoj tematskih biciklisti\u010dkih ruta, me\u0111unarodnih cikloturisti\u010dkih projekata, promocija destinacija te povezivanje sporta i turizma ostavili su sna\u017ean dojam na francuskog veleposlanika.<\/p>\n\n\n\n<p>Nj. E. Fran\u00e7ois Delmas izrazio je iskreno odu\u0161evljenje razinom organizacije, strate\u0161kim pristupom projektu te dugoro\u010dnom vizijom razvoja biciklizma u Bosni i Hercegovini, naglasiv\u0161i kako ovakav projekt ima zna\u010daj ne samo sportski, ve\u0107 i turisti\u010dki, kulturni i diplomatski.<\/p>\n\n\n<div class=\"wp-block-image\">\n<figure class=\"aligncenter size-large\"><img loading=\"lazy\" decoding=\"async\" width=\"1024\" height=\"683\" src=\"https:\/\/tourbih.ba\/wp-content\/uploads\/2026\/01\/Francuska-Tour-of-BiH-slika-3-1024x683.jpg\" alt=\"\" class=\"wp-image-2662\" srcset=\"https:\/\/tourbih.ba\/wp-content\/uploads\/2026\/01\/Francuska-Tour-of-BiH-slika-3-1024x683.jpg 1024w, https:\/\/tourbih.ba\/wp-content\/uploads\/2026\/01\/Francuska-Tour-of-BiH-slika-3-300x200.jpg 300w, https:\/\/tourbih.ba\/wp-content\/uploads\/2026\/01\/Francuska-Tour-of-BiH-slika-3-768x512.jpg 768w, https:\/\/tourbih.ba\/wp-content\/uploads\/2026\/01\/Francuska-Tour-of-BiH-slika-3-18x12.jpg 18w, https:\/\/tourbih.ba\/wp-content\/uploads\/2026\/01\/Francuska-Tour-of-BiH-slika-3.jpg 1200w\" sizes=\"auto, (max-width: 1024px) 100vw, 1024px\" \/><\/figure>\n<\/div>\n\n\n<p><strong>Francuska podr\u0161ka Tour of Bosnia and Herzegovina<\/strong><\/p>\n\n\n\n<p>Francuski veleposlanik tom je prilikom jasno izrazio svoju podr\u0161ku utrci Tour of Bosnia and Herzegovina, istaknuv\u0161i spremnost da aktivno bude dio ovog velikog sportskog doga\u0111aja za Bosnu i Hercegovinu i regiju. Tako\u0111er je naglasio kako Francuska, kao jedna od najva\u017enijih svjetskih biciklisti\u010dkih nacija, prepoznaje vrijednost projekata koji promi\u010du biciklizam, odr\u017eivi turizam i me\u0111unarodnu suradnju.<\/p>\n\n\n\n<p>Posebno je istaknuta tema potencijalne uspostave izravne avionske linije u periodu odr\u017eavanja Toura, kako bi se omogu\u0107io dolazak ve\u0107eg broja francuskih dr\u017eavljana \u2013 strastvenih biciklista i zaljubljenika u ovaj sport \u2013 koji bi u Bosni i Hercegovini boravili turisti\u010dki i pratili utrku.<\/p>\n\n\n\n<p>Veleposlanik Delmas stavio se na raspolaganje organizacijskom timu, istaknuv\u0161i kako \u0107e s velikim interesom pratiti daljnji razvoj projekta te kako \u0107e osobno prisustvovati i biti dio organizacije tijekom odr\u017eavanja Tour of Bosnia and Herzegovina od 16. do 19. travnja 2026. godine.<\/p>\n\n\n\n<p>Direktor utrke, <strong>Toni Zori\u0107<\/strong>, zahvalio je veleposlaniku Delmasu na otvorenosti, podr\u0161ci i interesu, naglasiv\u0161i kako je ovakva me\u0111unarodna podr\u0161ka sna\u017ean poticaj cijelom projektu:<\/p>\n\n\n\n<p>\u201c<em>Podr\u0161ka francuskog veleposlanika izuzetno je va\u017ena za Tour of Bosnia and Herzegovina. Ona potvr\u0111uje da je ovaj projekt prepoznat i izvan granica na\u0161e zemlje te da Bosna i Hercegovina ima potencijal biti ozbiljan partner na me\u0111unarodnoj biciklisti\u010dkoj sceni. Ovo je dodatna motivacija da organizaciju Tour of Bosnia and Herzegovina podignemo na najvi\u0161u mogu\u0107u razinu i pove\u017eemo se sa organizatorima Tour de France, najve\u0107eg biciklisti\u010dkog doga\u0111aja na svijetu<\/em>.\u201d<\/p>\n\n\n<div class=\"wp-block-image\">\n<figure class=\"aligncenter size-large\"><img loading=\"lazy\" decoding=\"async\" width=\"1024\" height=\"683\" src=\"https:\/\/tourbih.ba\/wp-content\/uploads\/2026\/01\/Francuska-Tour-of-BiH-slika-4-1024x683.jpg\" alt=\"\" class=\"wp-image-2663\" srcset=\"https:\/\/tourbih.ba\/wp-content\/uploads\/2026\/01\/Francuska-Tour-of-BiH-slika-4-1024x683.jpg 1024w, https:\/\/tourbih.ba\/wp-content\/uploads\/2026\/01\/Francuska-Tour-of-BiH-slika-4-300x200.jpg 300w, https:\/\/tourbih.ba\/wp-content\/uploads\/2026\/01\/Francuska-Tour-of-BiH-slika-4-768x512.jpg 768w, https:\/\/tourbih.ba\/wp-content\/uploads\/2026\/01\/Francuska-Tour-of-BiH-slika-4-18x12.jpg 18w, https:\/\/tourbih.ba\/wp-content\/uploads\/2026\/01\/Francuska-Tour-of-BiH-slika-4.jpg 1200w\" sizes=\"auto, (max-width: 1024px) 100vw, 1024px\" \/><\/figure>\n<\/div>\n\n\n<p>Sastanak u Olimpijskom komitetu Bosne i Hercegovine jo\u0161 je jedan va\u017ean korak u izgradnji sna\u017enog institucionalnog i me\u0111unarodnog okvira oko projekta Tour of Bosnia and Herzegovina, koji se ve\u0107 sada pozicionira kao jedan od najzna\u010dajnijih sportskih doga\u0111aja u novijoj povijesti Bosne i Hercegovine.<\/p>\n\n\n\n<p>Organizacijski tim nastavlja intenzivne pripreme s ciljem da Bosna i Hercegovina 2026. godine ugosti vrhunski me\u0111unarodni biciklisti\u010dki spektakl, koji \u0107e povezati sport, turizam i me\u0111unarodnu promociju zemlje na najvi\u0161oj razini.<\/p>","protected":false},"excerpt":{"rendered":"<p>Me\u0111unarodna podr\u0161ka najve\u0107em biciklisti\u010dkom projektu u Bosni i Hercegovini U prostorijama Olimpijskog komiteta Bosne i Hercegovine odr\u017ean je radni sastanak organizacijskog tima me\u0111unarodne biciklisti\u010dke utrke Tour of Bosnia and Herzegovina s veleposlanikom Republike Francuske u Bosni i Hercegovini, Nj. E. Fran\u00e7oisom Delmasom. Sastanku su prisustvovali Toni Zori\u0107, direktor utrke i predsjednik Biciklisti\u010dkog saveza Bosne i [&hellip;]<\/p>\n","protected":false},"author":2,"featured_media":2664,"comment_status":"closed","ping_status":"closed","sticky":false,"template":"","format":"standard","meta":{"footnotes":""},"categories":[57],"tags":[65,63,62,67,66,61,64,60,68,69],"class_list":["post-2660","post","type-post","status-publish","format-standard","has-post-thumbnail","hentry","category-clanak","tag-biciklizam","tag-bosna-i-hercegvoina","tag-kraljevska-etapa","tag-medunarodna-biciklisticka-utrka-tour-bih","tag-toni-zoric","tag-tour-bih","tag-tour-of-bosnia-and-herzegovina","tag-tourbih","tag-uci","tag-uci-kalendar"],"yoast_head":"<!-- This site is optimized with the Yoast SEO Premium plugin v26.7 (Yoast SEO v27.5) - https:\/\/yoast.com\/product\/yoast-seo-premium-wordpress\/ -->\n<title>Francuski veleposlanik u BiH podr\u017eao organizaciju \u201cTour of Bosnia and Herzegovina\u201d - Tour BiH<\/title>\n<meta name=\"description\" content=\"U prostorijama Olimpijskog komiteta Bosne i Hercegovine odr\u017ean je radni sastanak organizacijskog tima me\u0111unarodne biciklisti\u010dke utrke Tour ...\" \/>\n<meta name=\"robots\" content=\"index, follow, max-snippet:-1, max-image-preview:large, max-video-preview:-1\" \/>\n<link rel=\"canonical\" href=\"https:\/\/tourbih.ba\/en\/francuski-veleposlanik-organizaciju-tour-of-bih\/\" \/>\n<meta property=\"og:locale\" content=\"en_US\" \/>\n<meta property=\"og:type\" content=\"article\" \/>\n<meta property=\"og:title\" content=\"Francuski veleposlanik u BiH podr\u017eao organizaciju \u201cTour of Bosnia and Herzegovina\u201d\" \/>\n<meta property=\"og:description\" content=\"U prostorijama Olimpijskog komiteta Bosne i Hercegovine odr\u017ean je radni sastanak organizacijskog tima me\u0111unarodne biciklisti\u010dke utrke Tour ...\" \/>\n<meta property=\"og:url\" content=\"https:\/\/tourbih.ba\/en\/francuski-veleposlanik-organizaciju-tour-of-bih\/\" \/>\n<meta property=\"og:site_name\" content=\"Tour BiH\" \/>\n<meta property=\"article:published_time\" content=\"2026-01-09T19:35:06+00:00\" \/>\n<meta property=\"article:modified_time\" content=\"2026-03-01T09:07:12+00:00\" \/>\n<meta property=\"og:image\" content=\"https:\/\/tourbih.ba\/wp-content\/uploads\/2026\/01\/Francuska-Tour-of-BiH-slika-5.jpg\" \/>\n\t<meta property=\"og:image:width\" content=\"1200\" \/>\n\t<meta property=\"og:image:height\" content=\"800\" \/>\n\t<meta property=\"og:image:type\" content=\"image\/jpeg\" \/>\n<meta name=\"author\" content=\"Toni Zori\u0107\" \/>\n<meta name=\"twitter:card\" content=\"summary_large_image\" \/>\n<meta name=\"twitter:label1\" content=\"Written by\" \/>\n\t<meta name=\"twitter:data1\" content=\"Toni Zori\u0107\" \/>\n\t<meta name=\"twitter:label2\" content=\"Est. reading time\" \/>\n\t<meta name=\"twitter:data2\" content=\"4 minutes\" \/>\n<script type=\"application\/ld+json\" class=\"yoast-schema-graph\">{\"@context\":\"https:\\\/\\\/schema.org\",\"@graph\":[{\"@type\":\"Article\",\"@id\":\"https:\\\/\\\/tourbih.ba\\\/francuski-veleposlanik-organizaciju-tour-of-bih\\\/#article\",\"isPartOf\":{\"@id\":\"https:\\\/\\\/tourbih.ba\\\/francuski-veleposlanik-organizaciju-tour-of-bih\\\/\"},\"author\":{\"name\":\"Toni Zori\u0107\",\"@id\":\"https:\\\/\\\/tourbih.ba\\\/#\\\/schema\\\/person\\\/3ce28fc85cd5bd49e722a414100cb01f\"},\"headline\":\"Francuski veleposlanik u BiH podr\u017eao organizaciju \u201cTour of Bosnia and Herzegovina\u201d\",\"datePublished\":\"2026-01-09T19:35:06+00:00\",\"dateModified\":\"2026-03-01T09:07:12+00:00\",\"mainEntityOfPage\":{\"@id\":\"https:\\\/\\\/tourbih.ba\\\/francuski-veleposlanik-organizaciju-tour-of-bih\\\/\"},\"wordCount\":580,\"image\":{\"@id\":\"https:\\\/\\\/tourbih.ba\\\/francuski-veleposlanik-organizaciju-tour-of-bih\\\/#primaryimage\"},\"thumbnailUrl\":\"https:\\\/\\\/tourbih.ba\\\/wp-content\\\/uploads\\\/2026\\\/01\\\/Francuska-Tour-of-BiH-slika-5.jpg\",\"keywords\":[\"biciklizam\",\"Bosna i Hercegvoina\",\"Kraljevska Etapa\",\"medunarodna biciklisticka utrka Tour BiH\",\"Toni Zoric\",\"Tour BiH\",\"Tour of Bosnia and Herzegovina\",\"tourbih\",\"uci\",\"uci kalendar\"],\"articleSection\":[\"\u010clanak\"],\"inLanguage\":\"en-US\"},{\"@type\":\"WebPage\",\"@id\":\"https:\\\/\\\/tourbih.ba\\\/francuski-veleposlanik-organizaciju-tour-of-bih\\\/\",\"url\":\"https:\\\/\\\/tourbih.ba\\\/francuski-veleposlanik-organizaciju-tour-of-bih\\\/\",\"name\":\"Francuski veleposlanik u BiH podr\u017eao organizaciju \u201cTour of Bosnia and Herzegovina\u201d - Tour BiH\",\"isPartOf\":{\"@id\":\"https:\\\/\\\/tourbih.ba\\\/#website\"},\"primaryImageOfPage\":{\"@id\":\"https:\\\/\\\/tourbih.ba\\\/francuski-veleposlanik-organizaciju-tour-of-bih\\\/#primaryimage\"},\"image\":{\"@id\":\"https:\\\/\\\/tourbih.ba\\\/francuski-veleposlanik-organizaciju-tour-of-bih\\\/#primaryimage\"},\"thumbnailUrl\":\"https:\\\/\\\/tourbih.ba\\\/wp-content\\\/uploads\\\/2026\\\/01\\\/Francuska-Tour-of-BiH-slika-5.jpg\",\"datePublished\":\"2026-01-09T19:35:06+00:00\",\"dateModified\":\"2026-03-01T09:07:12+00:00\",\"author\":{\"@id\":\"https:\\\/\\\/tourbih.ba\\\/#\\\/schema\\\/person\\\/3ce28fc85cd5bd49e722a414100cb01f\"},\"description\":\"U prostorijama Olimpijskog komiteta Bosne i Hercegovine odr\u017ean je radni sastanak organizacijskog tima me\u0111unarodne biciklisti\u010dke utrke Tour ...\",\"breadcrumb\":{\"@id\":\"https:\\\/\\\/tourbih.ba\\\/francuski-veleposlanik-organizaciju-tour-of-bih\\\/#breadcrumb\"},\"inLanguage\":\"en-US\",\"potentialAction\":[{\"@type\":\"ReadAction\",\"target\":[\"https:\\\/\\\/tourbih.ba\\\/francuski-veleposlanik-organizaciju-tour-of-bih\\\/\"]}]},{\"@type\":\"ImageObject\",\"inLanguage\":\"en-US\",\"@id\":\"https:\\\/\\\/tourbih.ba\\\/francuski-veleposlanik-organizaciju-tour-of-bih\\\/#primaryimage\",\"url\":\"https:\\\/\\\/tourbih.ba\\\/wp-content\\\/uploads\\\/2026\\\/01\\\/Francuska-Tour-of-BiH-slika-5.jpg\",\"contentUrl\":\"https:\\\/\\\/tourbih.ba\\\/wp-content\\\/uploads\\\/2026\\\/01\\\/Francuska-Tour-of-BiH-slika-5.jpg\",\"width\":1200,\"height\":800},{\"@type\":\"BreadcrumbList\",\"@id\":\"https:\\\/\\\/tourbih.ba\\\/francuski-veleposlanik-organizaciju-tour-of-bih\\\/#breadcrumb\",\"itemListElement\":[{\"@type\":\"ListItem\",\"position\":1,\"name\":\"Home\",\"item\":\"https:\\\/\\\/tourbih.ba\\\/\"},{\"@type\":\"ListItem\",\"position\":2,\"name\":\"Francuski veleposlanik u BiH podr\u017eao organizaciju \u201cTour of Bosnia and Herzegovina\u201d\"}]},{\"@type\":\"WebSite\",\"@id\":\"https:\\\/\\\/tourbih.ba\\\/#website\",\"url\":\"https:\\\/\\\/tourbih.ba\\\/\",\"name\":\"Tour BiH\",\"description\":\"\",\"potentialAction\":[{\"@type\":\"SearchAction\",\"target\":{\"@type\":\"EntryPoint\",\"urlTemplate\":\"https:\\\/\\\/tourbih.ba\\\/?s={search_term_string}\"},\"query-input\":{\"@type\":\"PropertyValueSpecification\",\"valueRequired\":true,\"valueName\":\"search_term_string\"}}],\"inLanguage\":\"en-US\"},{\"@type\":\"Person\",\"@id\":\"https:\\\/\\\/tourbih.ba\\\/#\\\/schema\\\/person\\\/3ce28fc85cd5bd49e722a414100cb01f\",\"name\":\"Toni Zori\u0107\",\"image\":{\"@type\":\"ImageObject\",\"inLanguage\":\"en-US\",\"@id\":\"https:\\\/\\\/secure.gravatar.com\\\/avatar\\\/63d39a2095b152f5992ddf9dd07b4676b12ce7b3529f846141dc517f7f5b5253?s=96&d=mm&r=g\",\"url\":\"https:\\\/\\\/secure.gravatar.com\\\/avatar\\\/63d39a2095b152f5992ddf9dd07b4676b12ce7b3529f846141dc517f7f5b5253?s=96&d=mm&r=g\",\"contentUrl\":\"https:\\\/\\\/secure.gravatar.com\\\/avatar\\\/63d39a2095b152f5992ddf9dd07b4676b12ce7b3529f846141dc517f7f5b5253?s=96&d=mm&r=g\",\"caption\":\"Toni Zori\u0107\"},\"sameAs\":[\"http:\\\/\\\/https.\\\/\\\/tourbih.ba\"],\"url\":\"https:\\\/\\\/tourbih.ba\\\/en\\\/author\\\/toniz\\\/\"}]}<\/script>\n<!-- \/ Yoast SEO Premium plugin. -->","yoast_head_json":{"title":"Francuski veleposlanik u BiH podr\u017eao organizaciju \u201cTour of Bosnia and Herzegovina\u201d - Tour BiH","description":"U prostorijama Olimpijskog komiteta Bosne i Hercegovine odr\u017ean je radni sastanak organizacijskog tima me\u0111unarodne biciklisti\u010dke utrke Tour ...","robots":{"index":"index","follow":"follow","max-snippet":"max-snippet:-1","max-image-preview":"max-image-preview:large","max-video-preview":"max-video-preview:-1"},"canonical":"https:\/\/tourbih.ba\/en\/francuski-veleposlanik-organizaciju-tour-of-bih\/","og_locale":"en_US","og_type":"article","og_title":"Francuski veleposlanik u BiH podr\u017eao organizaciju \u201cTour of Bosnia and Herzegovina\u201d","og_description":"U prostorijama Olimpijskog komiteta Bosne i Hercegovine odr\u017ean je radni sastanak organizacijskog tima me\u0111unarodne biciklisti\u010dke utrke Tour ...","og_url":"https:\/\/tourbih.ba\/en\/francuski-veleposlanik-organizaciju-tour-of-bih\/","og_site_name":"Tour BiH","article_published_time":"2026-01-09T19:35:06+00:00","article_modified_time":"2026-03-01T09:07:12+00:00","og_image":[{"width":1200,"height":800,"url":"https:\/\/tourbih.ba\/wp-content\/uploads\/2026\/01\/Francuska-Tour-of-BiH-slika-5.jpg","type":"image\/jpeg"}],"author":"Toni Zori\u0107","twitter_card":"summary_large_image","twitter_misc":{"Written by":"Toni Zori\u0107","Est. reading time":"4 minutes"},"schema":{"@context":"https:\/\/schema.org","@graph":[{"@type":"Article","@id":"https:\/\/tourbih.ba\/francuski-veleposlanik-organizaciju-tour-of-bih\/#article","isPartOf":{"@id":"https:\/\/tourbih.ba\/francuski-veleposlanik-organizaciju-tour-of-bih\/"},"author":{"name":"Toni Zori\u0107","@id":"https:\/\/tourbih.ba\/#\/schema\/person\/3ce28fc85cd5bd49e722a414100cb01f"},"headline":"Francuski veleposlanik u BiH podr\u017eao organizaciju \u201cTour of Bosnia and Herzegovina\u201d","datePublished":"2026-01-09T19:35:06+00:00","dateModified":"2026-03-01T09:07:12+00:00","mainEntityOfPage":{"@id":"https:\/\/tourbih.ba\/francuski-veleposlanik-organizaciju-tour-of-bih\/"},"wordCount":580,"image":{"@id":"https:\/\/tourbih.ba\/francuski-veleposlanik-organizaciju-tour-of-bih\/#primaryimage"},"thumbnailUrl":"https:\/\/tourbih.ba\/wp-content\/uploads\/2026\/01\/Francuska-Tour-of-BiH-slika-5.jpg","keywords":["biciklizam","Bosna i Hercegvoina","Kraljevska Etapa","medunarodna biciklisticka utrka Tour BiH","Toni Zoric","Tour BiH","Tour of Bosnia and Herzegovina","tourbih","uci","uci kalendar"],"articleSection":["\u010clanak"],"inLanguage":"en-US"},{"@type":"WebPage","@id":"https:\/\/tourbih.ba\/francuski-veleposlanik-organizaciju-tour-of-bih\/","url":"https:\/\/tourbih.ba\/francuski-veleposlanik-organizaciju-tour-of-bih\/","name":"Francuski veleposlanik u BiH podr\u017eao organizaciju \u201cTour of Bosnia and Herzegovina\u201d - Tour BiH","isPartOf":{"@id":"https:\/\/tourbih.ba\/#website"},"primaryImageOfPage":{"@id":"https:\/\/tourbih.ba\/francuski-veleposlanik-organizaciju-tour-of-bih\/#primaryimage"},"image":{"@id":"https:\/\/tourbih.ba\/francuski-veleposlanik-organizaciju-tour-of-bih\/#primaryimage"},"thumbnailUrl":"https:\/\/tourbih.ba\/wp-content\/uploads\/2026\/01\/Francuska-Tour-of-BiH-slika-5.jpg","datePublished":"2026-01-09T19:35:06+00:00","dateModified":"2026-03-01T09:07:12+00:00","author":{"@id":"https:\/\/tourbih.ba\/#\/schema\/person\/3ce28fc85cd5bd49e722a414100cb01f"},"description":"U prostorijama Olimpijskog komiteta Bosne i Hercegovine odr\u017ean je radni sastanak organizacijskog tima me\u0111unarodne biciklisti\u010dke utrke Tour ...","breadcrumb":{"@id":"https:\/\/tourbih.ba\/francuski-veleposlanik-organizaciju-tour-of-bih\/#breadcrumb"},"inLanguage":"en-US","potentialAction":[{"@type":"ReadAction","target":["https:\/\/tourbih.ba\/francuski-veleposlanik-organizaciju-tour-of-bih\/"]}]},{"@type":"ImageObject","inLanguage":"en-US","@id":"https:\/\/tourbih.ba\/francuski-veleposlanik-organizaciju-tour-of-bih\/#primaryimage","url":"https:\/\/tourbih.ba\/wp-content\/uploads\/2026\/01\/Francuska-Tour-of-BiH-slika-5.jpg","contentUrl":"https:\/\/tourbih.ba\/wp-content\/uploads\/2026\/01\/Francuska-Tour-of-BiH-slika-5.jpg","width":1200,"height":800},{"@type":"BreadcrumbList","@id":"https:\/\/tourbih.ba\/francuski-veleposlanik-organizaciju-tour-of-bih\/#breadcrumb","itemListElement":[{"@type":"ListItem","position":1,"name":"Home","item":"https:\/\/tourbih.ba\/"},{"@type":"ListItem","position":2,"name":"Francuski veleposlanik u BiH podr\u017eao organizaciju \u201cTour of Bosnia and Herzegovina\u201d"}]},{"@type":"WebSite","@id":"https:\/\/tourbih.ba\/#website","url":"https:\/\/tourbih.ba\/","name":"Tour BiH","description":"","potentialAction":[{"@type":"SearchAction","target":{"@type":"EntryPoint","urlTemplate":"https:\/\/tourbih.ba\/?s={search_term_string}"},"query-input":{"@type":"PropertyValueSpecification","valueRequired":true,"valueName":"search_term_string"}}],"inLanguage":"en-US"},{"@type":"Person","@id":"https:\/\/tourbih.ba\/#\/schema\/person\/3ce28fc85cd5bd49e722a414100cb01f","name":"Toni Zori\u0107","image":{"@type":"ImageObject","inLanguage":"en-US","@id":"https:\/\/secure.gravatar.com\/avatar\/63d39a2095b152f5992ddf9dd07b4676b12ce7b3529f846141dc517f7f5b5253?s=96&d=mm&r=g","url":"https:\/\/secure.gravatar.com\/avatar\/63d39a2095b152f5992ddf9dd07b4676b12ce7b3529f846141dc517f7f5b5253?s=96&d=mm&r=g","contentUrl":"https:\/\/secure.gravatar.com\/avatar\/63d39a2095b152f5992ddf9dd07b4676b12ce7b3529f846141dc517f7f5b5253?s=96&d=mm&r=g","caption":"Toni Zori\u0107"},"sameAs":["http:\/\/https.\/\/tourbih.ba"],"url":"https:\/\/tourbih.ba\/en\/author\/toniz\/"}]}},"_links":{"self":[{"href":"https:\/\/tourbih.ba\/en\/wp-json\/wp\/v2\/posts\/2660","targetHints":{"allow":["GET"]}}],"collection":[{"href":"https:\/\/tourbih.ba\/en\/wp-json\/wp\/v2\/posts"}],"about":[{"href":"https:\/\/tourbih.ba\/en\/wp-json\/wp\/v2\/types\/post"}],"author":[{"embeddable":true,"href":"https:\/\/tourbih.ba\/en\/wp-json\/wp\/v2\/users\/2"}],"replies":[{"embeddable":true,"href":"https:\/\/tourbih.ba\/en\/wp-json\/wp\/v2\/comments?post=2660"}],"version-history":[{"count":5,"href":"https:\/\/tourbih.ba\/en\/wp-json\/wp\/v2\/posts\/2660\/revisions"}],"predecessor-version":[{"id":3915,"href":"https:\/\/tourbih.ba\/en\/wp-json\/wp\/v2\/posts\/2660\/revisions\/3915"}],"wp:featuredmedia":[{"embeddable":true,"href":"https:\/\/tourbih.ba\/en\/wp-json\/wp\/v2\/media\/2664"}],"wp:attachment":[{"href":"https:\/\/tourbih.ba\/en\/wp-json\/wp\/v2\/media?parent=2660"}],"wp:term":[{"taxonomy":"category","embeddable":true,"href":"https:\/\/tourbih.ba\/en\/wp-json\/wp\/v2\/categories?post=2660"},{"taxonomy":"post_tag","embeddable":true,"href":"https:\/\/tourbih.ba\/en\/wp-json\/wp\/v2\/tags?post=2660"}],"curies":[{"name":"wp","href":"https:\/\/api.w.org\/{rel}","templated":true}]}}