{"id":2645,"date":"2026-01-09T19:18:59","date_gmt":"2026-01-09T19:18:59","guid":{"rendered":"https:\/\/tourbih.ba\/?p=2645"},"modified":"2026-03-01T09:07:13","modified_gmt":"2026-03-01T09:07:13","slug":"podrska-opcine-centar-sarajevo","status":"publish","type":"post","link":"https:\/\/tourbih.ba\/en\/podrska-opcine-centar-sarajevo\/","title":{"rendered":"Support of Municipality Centar Sarajevo for \"Tour of Bosnia and Herzegovina\""},"content":{"rendered":"<p class=\"has-text-align-center\"><strong>Ovom podr\u0161kom nastavlja se ja\u010danje institucionalne suradnje za najve\u0107i sportski doga\u0111aj u 2026.<\/strong><\/p>\n\n\n\n<p>Organizacijski tim me\u0111unarodne biciklisti\u010dke utrke Tour of Bosnia and Herzegovina odr\u017eao je radni sastanak s na\u010delnikom Op\u0107ine Centar Sarajevo, gdinom Sr\u0111anom Mandi\u0107em. Sastanku su prisustvovali Toni Zori\u0107, direktor utrke i predsjednik Biciklisti\u010dkog saveza Bosne i Hercegovine, te Amar Njem\u010devi\u0107, sportski direktor Toura.<\/p>\n\n\n\n<p>U ugodnoj i konstruktivnoj atmosferi predstavljeni su klju\u010dni elementi utrke, plan starta iz Sarajeva u travnju 2026. godine, kao i zna\u010daj projekta za promociju glavnog grada, razvoj cikloturizma i me\u0111unarodnu vidljivost Bosne i Hercegovine.<\/p>\n\n\n\n<p><strong>Projekt od va\u017enosti za glavni grad i dr\u017eavu<\/strong><\/p>\n\n\n\n<p>Tijekom sastanka organizatori su istaknuli kako je utrka, ve\u0107 u ovoj fazi priprema, privukla iznimno velik interes \u2013 vi\u0161e od 60 timova iz gotovo 40 zemalja svijeta izrazilo je \u017eelju sudjelovanja na prvom izdanju Tour of Bosnia and Herzegovina. Ovaj interes potvr\u0111uje da je BiH spremna za organizaciju vrhunskog me\u0111unarodnog sportskog doga\u0111aja koji nosi dugoro\u010dne sportske, turisti\u010dke i promotivne koristi.<\/p>\n\n\n\n<p>Na\u010delnik Sr\u0111an Mandi\u0107 pozdravio je projekt te naglasio da Op\u0161tina Centar Sarajevo prepoznaje vrijednost doga\u0111aja koji spaja sport, turizam i me\u0111unarodnu promociju grada.<\/p>\n\n\n\n<p>\u201e<em>Op\u0161tina Centar Sarajevo uvijek je spremna podr\u017eati projekte koji doprinose razvoju sporta, turizma i me\u0111unarodnog ugleda na\u0161eg grada i dr\u017eave. \u2018Tour of Bosnia and Herzegovina\u2019 je mnogo vi\u0161e od sportske utrke \u2013 to je prilika da poka\u017eemo ljepotu Sarajeva i Bosne i Hercegovine svijetu, te da oja\u010damo suradnju izme\u0111u lokalnih zajednica. Drago mi je da start ove velike me\u0111unarodne manifestacije kre\u0107e upravo iz srca Sarajeva, i uvjeren sam da \u0107emo zajedni\u010dkim naporima postaviti standard organizacije na najvi\u0161u razinu<\/em>.\u201c \u2013 poru\u010dio je na\u010delnik <strong>Sr\u0111an Mandi\u0107<\/strong>.<\/p>\n\n\n<div class=\"wp-block-image\">\n<figure class=\"aligncenter size-large\"><img loading=\"lazy\" decoding=\"async\" width=\"1024\" height=\"683\" src=\"https:\/\/tourbih.ba\/wp-content\/uploads\/2026\/01\/Sastanak-Srdjan-Mandic-Tour-of-BiH-naslovna-1024x683.jpg\" alt=\"\" class=\"wp-image-2646\" srcset=\"https:\/\/tourbih.ba\/wp-content\/uploads\/2026\/01\/Sastanak-Srdjan-Mandic-Tour-of-BiH-naslovna-1024x683.jpg 1024w, https:\/\/tourbih.ba\/wp-content\/uploads\/2026\/01\/Sastanak-Srdjan-Mandic-Tour-of-BiH-naslovna-300x200.jpg 300w, https:\/\/tourbih.ba\/wp-content\/uploads\/2026\/01\/Sastanak-Srdjan-Mandic-Tour-of-BiH-naslovna-768x512.jpg 768w, https:\/\/tourbih.ba\/wp-content\/uploads\/2026\/01\/Sastanak-Srdjan-Mandic-Tour-of-BiH-naslovna-18x12.jpg 18w, https:\/\/tourbih.ba\/wp-content\/uploads\/2026\/01\/Sastanak-Srdjan-Mandic-Tour-of-BiH-naslovna.jpg 1200w\" sizes=\"auto, (max-width: 1024px) 100vw, 1024px\" \/><\/figure>\n<\/div>\n\n\n<p><strong>Tour koji povezuje Bosnu i Hercegovinu<\/strong><\/p>\n\n\n\n<p>Organizacijski tim predstavio je trodnevnu rutu od Sarajeva do Neuma, dugu oko 450 kilometara, koja \u0107e povezati niz gradova i op\u0107ina, promoviraju\u0107i prirodne ljepote, turisti\u010dke potencijale i kulturnu ba\u0161tinu Bosne i Hercegovine.<\/p>\n\n\n\n<p>Direktor utrke, <strong>Toni Zori\u0107<\/strong>, zahvalio je na prijemu i podr\u0161ci, naglasiv\u0161i da institucije glavnog grada igraju klju\u010dnu ulogu u uspje\u0161noj realizaciji starta utrke:<\/p>\n\n\n\n<p>\u201e<em>Podr\u0161ka Op\u0107ine Centar Sarajevo jo\u0161 je jedno va\u017eno priznanje ovom projektu. Tour of Bosnia and Herzegovina nije samo sportski doga\u0111aj \u2013 to je me\u0111unarodna platforma za predstavljanje na\u0161e zemlje, njenih gradova i ljudi. Uvjeren sam da \u0107emo zajedni\u010dkim radom ostvariti doga\u0111aj koji \u0107e ostaviti dugoro\u010dan pozitivan trag u razvoju sporta i turizma<\/em>.\u201c<\/p>\n\n\n\n<p><strong>Amar Njem\u010devi\u0107<\/strong>, sportski direktor utrke Tour of Bosnia and Herzegovina, naglasio je va\u017enost ovog trenutka za doma\u0107i sport i biciklizam:<\/p>\n\n\n\n<p>\u201c<em>Ovo je izuzetno va\u017ean trenutak za sport i biciklizam u Bosni i Hercegovini. Po prvi put na\u0161a reprezentacija ima priliku takmi\u010diti se u svojoj zemlji i osvajati UCI bodove koji vode prema Olimpijskim igrama. Ova utrka predstavlja sna\u017ean motivacijski alat za afirmaciju mladih sportista, a ujedno i priliku da privu\u010demo djecu i mlade u biciklizam kao sport. Vjerujem da \u0107e Tour of Bosnia and Herzegovina biti pokreta\u010d daljeg razvoja biciklizma u na\u0161oj zemlji.<\/em>\u201d<\/p>\n\n\n\n<p><strong>Nastavak institucionalnih partnerstava<\/strong><\/p>\n\n\n\n<p>Organizacijski odbor utrke imao je niz va\u017enih sastanaka sa instuticijama koje su prihvatile organizaciju i dale svoju podr\u0161ku, a podr\u0161ka Op\u0107ine Centar predstavlja nastavak sna\u017enog institucionalnog okvira koji se gradi oko ovog projekata od nacionalne va\u017enosti.<\/p>\n\n\n\n<p>Organizatori nastavljaju aktivnosti i pripreme kako bi Bosna i Hercegovina 2026. godine zasjala u punom svjetlu te se pozicionirala me\u0111u zemlje koje uspje\u0161no organiziraju velika me\u0111unarodna biciklisti\u010dka natjecanja.<\/p>","protected":false},"excerpt":{"rendered":"<p>Ovom podr\u0161kom nastavlja se ja\u010danje institucionalne suradnje za najve\u0107i sportski doga\u0111aj u 2026. Organizacijski tim me\u0111unarodne biciklisti\u010dke utrke Tour of Bosnia and Herzegovina odr\u017eao je radni sastanak s na\u010delnikom Op\u0107ine Centar Sarajevo, gdinom Sr\u0111anom Mandi\u0107em. Sastanku su prisustvovali Toni Zori\u0107, direktor utrke i predsjednik Biciklisti\u010dkog saveza Bosne i Hercegovine, te Amar Njem\u010devi\u0107, sportski direktor Toura. [&hellip;]<\/p>\n","protected":false},"author":2,"featured_media":2646,"comment_status":"closed","ping_status":"closed","sticky":false,"template":"","format":"standard","meta":{"footnotes":""},"categories":[57],"tags":[65,63,62,67,66,61,64,60,68,69],"class_list":["post-2645","post","type-post","status-publish","format-standard","has-post-thumbnail","hentry","category-clanak","tag-biciklizam","tag-bosna-i-hercegvoina","tag-kraljevska-etapa","tag-medunarodna-biciklisticka-utrka-tour-bih","tag-toni-zoric","tag-tour-bih","tag-tour-of-bosnia-and-herzegovina","tag-tourbih","tag-uci","tag-uci-kalendar"],"yoast_head":"<!-- This site is optimized with the Yoast SEO Premium plugin v26.7 (Yoast SEO v27.5) - https:\/\/yoast.com\/product\/yoast-seo-premium-wordpress\/ -->\n<title>Podr\u0161ka Op\u0107ine Centar Sarajevo za \u201eTour of Bosnia and Herzegovina\u201c - Tour BiH<\/title>\n<meta name=\"description\" content=\"Organizacijski tim me\u0111unarodne biciklisti\u010dke utrke Tour of Bosnia and Herzegovina odr\u017eao je radni sastanak s na\u010delnikom Op\u0107ine Centar ...\" \/>\n<meta name=\"robots\" content=\"index, follow, max-snippet:-1, max-image-preview:large, max-video-preview:-1\" \/>\n<link rel=\"canonical\" href=\"https:\/\/tourbih.ba\/en\/podrska-opcine-centar-sarajevo\/\" \/>\n<meta property=\"og:locale\" content=\"en_US\" \/>\n<meta property=\"og:type\" content=\"article\" \/>\n<meta property=\"og:title\" content=\"Podr\u0161ka Op\u0107ine Centar Sarajevo za \u201eTour of Bosnia and Herzegovina\u201c\" \/>\n<meta property=\"og:description\" content=\"Organizacijski tim me\u0111unarodne biciklisti\u010dke utrke Tour of Bosnia and Herzegovina odr\u017eao je radni sastanak s na\u010delnikom Op\u0107ine Centar ...\" \/>\n<meta property=\"og:url\" content=\"https:\/\/tourbih.ba\/en\/podrska-opcine-centar-sarajevo\/\" \/>\n<meta property=\"og:site_name\" content=\"Tour BiH\" \/>\n<meta property=\"article:published_time\" content=\"2026-01-09T19:18:59+00:00\" \/>\n<meta property=\"article:modified_time\" content=\"2026-03-01T09:07:13+00:00\" \/>\n<meta property=\"og:image\" content=\"https:\/\/tourbih.ba\/wp-content\/uploads\/2026\/01\/Sastanak-Srdjan-Mandic-Tour-of-BiH-naslovna.jpg\" \/>\n\t<meta property=\"og:image:width\" content=\"1200\" \/>\n\t<meta property=\"og:image:height\" content=\"800\" \/>\n\t<meta property=\"og:image:type\" content=\"image\/jpeg\" \/>\n<meta name=\"author\" content=\"Toni Zori\u0107\" \/>\n<meta name=\"twitter:card\" content=\"summary_large_image\" \/>\n<meta name=\"twitter:label1\" content=\"Written by\" \/>\n\t<meta name=\"twitter:data1\" content=\"Toni Zori\u0107\" \/>\n\t<meta name=\"twitter:label2\" content=\"Est. reading time\" \/>\n\t<meta name=\"twitter:data2\" content=\"4 minutes\" \/>\n<script type=\"application\/ld+json\" class=\"yoast-schema-graph\">{\"@context\":\"https:\\\/\\\/schema.org\",\"@graph\":[{\"@type\":\"Article\",\"@id\":\"https:\\\/\\\/tourbih.ba\\\/podrska-opcine-centar-sarajevo\\\/#article\",\"isPartOf\":{\"@id\":\"https:\\\/\\\/tourbih.ba\\\/podrska-opcine-centar-sarajevo\\\/\"},\"author\":{\"name\":\"Toni Zori\u0107\",\"@id\":\"https:\\\/\\\/tourbih.ba\\\/#\\\/schema\\\/person\\\/3ce28fc85cd5bd49e722a414100cb01f\"},\"headline\":\"Podr\u0161ka Op\u0107ine Centar Sarajevo za \u201eTour of Bosnia and Herzegovina\u201c\",\"datePublished\":\"2026-01-09T19:18:59+00:00\",\"dateModified\":\"2026-03-01T09:07:13+00:00\",\"mainEntityOfPage\":{\"@id\":\"https:\\\/\\\/tourbih.ba\\\/podrska-opcine-centar-sarajevo\\\/\"},\"wordCount\":620,\"image\":{\"@id\":\"https:\\\/\\\/tourbih.ba\\\/podrska-opcine-centar-sarajevo\\\/#primaryimage\"},\"thumbnailUrl\":\"https:\\\/\\\/tourbih.ba\\\/wp-content\\\/uploads\\\/2026\\\/01\\\/Sastanak-Srdjan-Mandic-Tour-of-BiH-naslovna.jpg\",\"keywords\":[\"biciklizam\",\"Bosna i Hercegvoina\",\"Kraljevska Etapa\",\"medunarodna biciklisticka utrka Tour BiH\",\"Toni Zoric\",\"Tour BiH\",\"Tour of Bosnia and Herzegovina\",\"tourbih\",\"uci\",\"uci kalendar\"],\"articleSection\":[\"\u010clanak\"],\"inLanguage\":\"en-US\"},{\"@type\":\"WebPage\",\"@id\":\"https:\\\/\\\/tourbih.ba\\\/podrska-opcine-centar-sarajevo\\\/\",\"url\":\"https:\\\/\\\/tourbih.ba\\\/podrska-opcine-centar-sarajevo\\\/\",\"name\":\"Podr\u0161ka Op\u0107ine Centar Sarajevo za \u201eTour of Bosnia and Herzegovina\u201c - Tour BiH\",\"isPartOf\":{\"@id\":\"https:\\\/\\\/tourbih.ba\\\/#website\"},\"primaryImageOfPage\":{\"@id\":\"https:\\\/\\\/tourbih.ba\\\/podrska-opcine-centar-sarajevo\\\/#primaryimage\"},\"image\":{\"@id\":\"https:\\\/\\\/tourbih.ba\\\/podrska-opcine-centar-sarajevo\\\/#primaryimage\"},\"thumbnailUrl\":\"https:\\\/\\\/tourbih.ba\\\/wp-content\\\/uploads\\\/2026\\\/01\\\/Sastanak-Srdjan-Mandic-Tour-of-BiH-naslovna.jpg\",\"datePublished\":\"2026-01-09T19:18:59+00:00\",\"dateModified\":\"2026-03-01T09:07:13+00:00\",\"author\":{\"@id\":\"https:\\\/\\\/tourbih.ba\\\/#\\\/schema\\\/person\\\/3ce28fc85cd5bd49e722a414100cb01f\"},\"description\":\"Organizacijski tim me\u0111unarodne biciklisti\u010dke utrke Tour of Bosnia and Herzegovina odr\u017eao je radni sastanak s na\u010delnikom Op\u0107ine Centar ...\",\"breadcrumb\":{\"@id\":\"https:\\\/\\\/tourbih.ba\\\/podrska-opcine-centar-sarajevo\\\/#breadcrumb\"},\"inLanguage\":\"en-US\",\"potentialAction\":[{\"@type\":\"ReadAction\",\"target\":[\"https:\\\/\\\/tourbih.ba\\\/podrska-opcine-centar-sarajevo\\\/\"]}]},{\"@type\":\"ImageObject\",\"inLanguage\":\"en-US\",\"@id\":\"https:\\\/\\\/tourbih.ba\\\/podrska-opcine-centar-sarajevo\\\/#primaryimage\",\"url\":\"https:\\\/\\\/tourbih.ba\\\/wp-content\\\/uploads\\\/2026\\\/01\\\/Sastanak-Srdjan-Mandic-Tour-of-BiH-naslovna.jpg\",\"contentUrl\":\"https:\\\/\\\/tourbih.ba\\\/wp-content\\\/uploads\\\/2026\\\/01\\\/Sastanak-Srdjan-Mandic-Tour-of-BiH-naslovna.jpg\",\"width\":1200,\"height\":800},{\"@type\":\"BreadcrumbList\",\"@id\":\"https:\\\/\\\/tourbih.ba\\\/podrska-opcine-centar-sarajevo\\\/#breadcrumb\",\"itemListElement\":[{\"@type\":\"ListItem\",\"position\":1,\"name\":\"Home\",\"item\":\"https:\\\/\\\/tourbih.ba\\\/\"},{\"@type\":\"ListItem\",\"position\":2,\"name\":\"Podr\u0161ka Op\u0107ine Centar Sarajevo za \u201eTour of Bosnia and Herzegovina\u201c\"}]},{\"@type\":\"WebSite\",\"@id\":\"https:\\\/\\\/tourbih.ba\\\/#website\",\"url\":\"https:\\\/\\\/tourbih.ba\\\/\",\"name\":\"Tour BiH\",\"description\":\"\",\"potentialAction\":[{\"@type\":\"SearchAction\",\"target\":{\"@type\":\"EntryPoint\",\"urlTemplate\":\"https:\\\/\\\/tourbih.ba\\\/?s={search_term_string}\"},\"query-input\":{\"@type\":\"PropertyValueSpecification\",\"valueRequired\":true,\"valueName\":\"search_term_string\"}}],\"inLanguage\":\"en-US\"},{\"@type\":\"Person\",\"@id\":\"https:\\\/\\\/tourbih.ba\\\/#\\\/schema\\\/person\\\/3ce28fc85cd5bd49e722a414100cb01f\",\"name\":\"Toni Zori\u0107\",\"image\":{\"@type\":\"ImageObject\",\"inLanguage\":\"en-US\",\"@id\":\"https:\\\/\\\/secure.gravatar.com\\\/avatar\\\/63d39a2095b152f5992ddf9dd07b4676b12ce7b3529f846141dc517f7f5b5253?s=96&d=mm&r=g\",\"url\":\"https:\\\/\\\/secure.gravatar.com\\\/avatar\\\/63d39a2095b152f5992ddf9dd07b4676b12ce7b3529f846141dc517f7f5b5253?s=96&d=mm&r=g\",\"contentUrl\":\"https:\\\/\\\/secure.gravatar.com\\\/avatar\\\/63d39a2095b152f5992ddf9dd07b4676b12ce7b3529f846141dc517f7f5b5253?s=96&d=mm&r=g\",\"caption\":\"Toni Zori\u0107\"},\"sameAs\":[\"http:\\\/\\\/https.\\\/\\\/tourbih.ba\"],\"url\":\"https:\\\/\\\/tourbih.ba\\\/en\\\/author\\\/toniz\\\/\"}]}<\/script>\n<!-- \/ Yoast SEO Premium plugin. -->","yoast_head_json":{"title":"Podr\u0161ka Op\u0107ine Centar Sarajevo za \u201eTour of Bosnia and Herzegovina\u201c - Tour BiH","description":"Organizacijski tim me\u0111unarodne biciklisti\u010dke utrke Tour of Bosnia and Herzegovina odr\u017eao je radni sastanak s na\u010delnikom Op\u0107ine Centar ...","robots":{"index":"index","follow":"follow","max-snippet":"max-snippet:-1","max-image-preview":"max-image-preview:large","max-video-preview":"max-video-preview:-1"},"canonical":"https:\/\/tourbih.ba\/en\/podrska-opcine-centar-sarajevo\/","og_locale":"en_US","og_type":"article","og_title":"Podr\u0161ka Op\u0107ine Centar Sarajevo za \u201eTour of Bosnia and Herzegovina\u201c","og_description":"Organizacijski tim me\u0111unarodne biciklisti\u010dke utrke Tour of Bosnia and Herzegovina odr\u017eao je radni sastanak s na\u010delnikom Op\u0107ine Centar ...","og_url":"https:\/\/tourbih.ba\/en\/podrska-opcine-centar-sarajevo\/","og_site_name":"Tour BiH","article_published_time":"2026-01-09T19:18:59+00:00","article_modified_time":"2026-03-01T09:07:13+00:00","og_image":[{"width":1200,"height":800,"url":"https:\/\/tourbih.ba\/wp-content\/uploads\/2026\/01\/Sastanak-Srdjan-Mandic-Tour-of-BiH-naslovna.jpg","type":"image\/jpeg"}],"author":"Toni Zori\u0107","twitter_card":"summary_large_image","twitter_misc":{"Written by":"Toni Zori\u0107","Est. reading time":"4 minutes"},"schema":{"@context":"https:\/\/schema.org","@graph":[{"@type":"Article","@id":"https:\/\/tourbih.ba\/podrska-opcine-centar-sarajevo\/#article","isPartOf":{"@id":"https:\/\/tourbih.ba\/podrska-opcine-centar-sarajevo\/"},"author":{"name":"Toni Zori\u0107","@id":"https:\/\/tourbih.ba\/#\/schema\/person\/3ce28fc85cd5bd49e722a414100cb01f"},"headline":"Podr\u0161ka Op\u0107ine Centar Sarajevo za \u201eTour of Bosnia and Herzegovina\u201c","datePublished":"2026-01-09T19:18:59+00:00","dateModified":"2026-03-01T09:07:13+00:00","mainEntityOfPage":{"@id":"https:\/\/tourbih.ba\/podrska-opcine-centar-sarajevo\/"},"wordCount":620,"image":{"@id":"https:\/\/tourbih.ba\/podrska-opcine-centar-sarajevo\/#primaryimage"},"thumbnailUrl":"https:\/\/tourbih.ba\/wp-content\/uploads\/2026\/01\/Sastanak-Srdjan-Mandic-Tour-of-BiH-naslovna.jpg","keywords":["biciklizam","Bosna i Hercegvoina","Kraljevska Etapa","medunarodna biciklisticka utrka Tour BiH","Toni Zoric","Tour BiH","Tour of Bosnia and Herzegovina","tourbih","uci","uci kalendar"],"articleSection":["\u010clanak"],"inLanguage":"en-US"},{"@type":"WebPage","@id":"https:\/\/tourbih.ba\/podrska-opcine-centar-sarajevo\/","url":"https:\/\/tourbih.ba\/podrska-opcine-centar-sarajevo\/","name":"Podr\u0161ka Op\u0107ine Centar Sarajevo za \u201eTour of Bosnia and Herzegovina\u201c - Tour BiH","isPartOf":{"@id":"https:\/\/tourbih.ba\/#website"},"primaryImageOfPage":{"@id":"https:\/\/tourbih.ba\/podrska-opcine-centar-sarajevo\/#primaryimage"},"image":{"@id":"https:\/\/tourbih.ba\/podrska-opcine-centar-sarajevo\/#primaryimage"},"thumbnailUrl":"https:\/\/tourbih.ba\/wp-content\/uploads\/2026\/01\/Sastanak-Srdjan-Mandic-Tour-of-BiH-naslovna.jpg","datePublished":"2026-01-09T19:18:59+00:00","dateModified":"2026-03-01T09:07:13+00:00","author":{"@id":"https:\/\/tourbih.ba\/#\/schema\/person\/3ce28fc85cd5bd49e722a414100cb01f"},"description":"Organizacijski tim me\u0111unarodne biciklisti\u010dke utrke Tour of Bosnia and Herzegovina odr\u017eao je radni sastanak s na\u010delnikom Op\u0107ine Centar ...","breadcrumb":{"@id":"https:\/\/tourbih.ba\/podrska-opcine-centar-sarajevo\/#breadcrumb"},"inLanguage":"en-US","potentialAction":[{"@type":"ReadAction","target":["https:\/\/tourbih.ba\/podrska-opcine-centar-sarajevo\/"]}]},{"@type":"ImageObject","inLanguage":"en-US","@id":"https:\/\/tourbih.ba\/podrska-opcine-centar-sarajevo\/#primaryimage","url":"https:\/\/tourbih.ba\/wp-content\/uploads\/2026\/01\/Sastanak-Srdjan-Mandic-Tour-of-BiH-naslovna.jpg","contentUrl":"https:\/\/tourbih.ba\/wp-content\/uploads\/2026\/01\/Sastanak-Srdjan-Mandic-Tour-of-BiH-naslovna.jpg","width":1200,"height":800},{"@type":"BreadcrumbList","@id":"https:\/\/tourbih.ba\/podrska-opcine-centar-sarajevo\/#breadcrumb","itemListElement":[{"@type":"ListItem","position":1,"name":"Home","item":"https:\/\/tourbih.ba\/"},{"@type":"ListItem","position":2,"name":"Podr\u0161ka Op\u0107ine Centar Sarajevo za \u201eTour of Bosnia and Herzegovina\u201c"}]},{"@type":"WebSite","@id":"https:\/\/tourbih.ba\/#website","url":"https:\/\/tourbih.ba\/","name":"Tour BiH","description":"","potentialAction":[{"@type":"SearchAction","target":{"@type":"EntryPoint","urlTemplate":"https:\/\/tourbih.ba\/?s={search_term_string}"},"query-input":{"@type":"PropertyValueSpecification","valueRequired":true,"valueName":"search_term_string"}}],"inLanguage":"en-US"},{"@type":"Person","@id":"https:\/\/tourbih.ba\/#\/schema\/person\/3ce28fc85cd5bd49e722a414100cb01f","name":"Toni Zori\u0107","image":{"@type":"ImageObject","inLanguage":"en-US","@id":"https:\/\/secure.gravatar.com\/avatar\/63d39a2095b152f5992ddf9dd07b4676b12ce7b3529f846141dc517f7f5b5253?s=96&d=mm&r=g","url":"https:\/\/secure.gravatar.com\/avatar\/63d39a2095b152f5992ddf9dd07b4676b12ce7b3529f846141dc517f7f5b5253?s=96&d=mm&r=g","contentUrl":"https:\/\/secure.gravatar.com\/avatar\/63d39a2095b152f5992ddf9dd07b4676b12ce7b3529f846141dc517f7f5b5253?s=96&d=mm&r=g","caption":"Toni Zori\u0107"},"sameAs":["http:\/\/https.\/\/tourbih.ba"],"url":"https:\/\/tourbih.ba\/en\/author\/toniz\/"}]}},"_links":{"self":[{"href":"https:\/\/tourbih.ba\/en\/wp-json\/wp\/v2\/posts\/2645","targetHints":{"allow":["GET"]}}],"collection":[{"href":"https:\/\/tourbih.ba\/en\/wp-json\/wp\/v2\/posts"}],"about":[{"href":"https:\/\/tourbih.ba\/en\/wp-json\/wp\/v2\/types\/post"}],"author":[{"embeddable":true,"href":"https:\/\/tourbih.ba\/en\/wp-json\/wp\/v2\/users\/2"}],"replies":[{"embeddable":true,"href":"https:\/\/tourbih.ba\/en\/wp-json\/wp\/v2\/comments?post=2645"}],"version-history":[{"count":5,"href":"https:\/\/tourbih.ba\/en\/wp-json\/wp\/v2\/posts\/2645\/revisions"}],"predecessor-version":[{"id":3916,"href":"https:\/\/tourbih.ba\/en\/wp-json\/wp\/v2\/posts\/2645\/revisions\/3916"}],"wp:featuredmedia":[{"embeddable":true,"href":"https:\/\/tourbih.ba\/en\/wp-json\/wp\/v2\/media\/2646"}],"wp:attachment":[{"href":"https:\/\/tourbih.ba\/en\/wp-json\/wp\/v2\/media?parent=2645"}],"wp:term":[{"taxonomy":"category","embeddable":true,"href":"https:\/\/tourbih.ba\/en\/wp-json\/wp\/v2\/categories?post=2645"},{"taxonomy":"post_tag","embeddable":true,"href":"https:\/\/tourbih.ba\/en\/wp-json\/wp\/v2\/tags?post=2645"}],"curies":[{"name":"wp","href":"https:\/\/api.w.org\/{rel}","templated":true}]}}